{"id":11248,"date":"2018-04-27T14:38:22","date_gmt":"2018-04-27T12:38:22","guid":{"rendered":"http:\/\/www.goldor.ch\/?p=11248"},"modified":"2018-04-27T14:50:07","modified_gmt":"2018-04-27T12:50:07","slug":"viceversa-a-20-ans","status":"publish","type":"post","link":"https:\/\/www.goldor.ch\/fr\/viceversa-a-20-ans\/","title":{"rendered":"Viceversa a 20 ans"},"content":{"rendered":"<p><em>La galerie Viceversa, situ\u00e9e \u00e0 la Place Saint-Fran\u00e7ois 2 \u00e0 Lausanne, f\u00eate ses 20 ans. Les c\u00e9l\u00e9brations d\u00e9marrent avec un vernissage festif qui aura lieu samedi le 28 avril de 17h \u00e0 20h. L\u2019Exposition d\u2019anniversaire \u00abIn\u00e9dit #1\u00bb est ouverte du 28 avril au 2 juin 2018.<\/em><\/p>\n<p>Et la galerie se fait elle-m\u00eame un cadeau avec ce texte d\u2019anniversaire de Fran\u00e7oise Jaunin:<\/p>\n<p>\u00abVocation: cr\u00e9ateurs de bijoux et passeurs d\u2019enthousiasme. La double passion partag\u00e9e de Christian et Ilona est porteuse d\u2019une tradition et d\u2019un savoir-faire de haut vol mais r\u00e9solument tourn\u00e9e vers l\u2019exp\u00e9rimentation et le temps pr\u00e9sent. Le bijou d\u2019auteur comme expression plastique \u00e0 part enti\u00e8re, comme sculpture miniature \u00e0 porter sur soi et comme \u0153uvre de poche qui nous renvoie \u00e0 nous-m\u00eames et au monde: voil\u00e0 leur credo!<\/p>\n<p>Vingt ans d\u00e9j\u00e0! C\u2019est en 1998 que s\u2019ouvrait, dans l\u2019ancien guichet CFF de la Place St Fran\u00e7ois, leur galerie viceversa. Laboratoire et vitrine du bijou en train de s\u2019inventer, elle a pr\u00e9sent\u00e9 \u00e0\u00a0 Lausanne des d\u00e9marches artistiques fertiles et engag\u00e9es d\u2019ici et de partout. Insolentes ou rigoureuses, \u00e9pur\u00e9es ou baroques, organiques ou g\u00e9om\u00e9triques, sensuelles ou pr\u00e9cieuses, en lien \u00e9troit avec le corps et revisitant ou d\u00e9tournant la tradition joailli\u00e8re, les cr\u00e9ations qu\u2019ils nous font d\u00e9couvrir sont des abr\u00e9g\u00e9s de monde in\u00e9dits, po\u00e9tiques ou d\u00e9cal\u00e9s.<\/p>\n<p>Sans jamais mollir ni dans leur ferveur ni dans leur exigence de qualit\u00e9, les galeristes-bijoutiers se sont fait une place qui n\u2019appartient qu\u2019\u00e0 eux, reconnue loin \u00e0 la ronde. Non seulement ils continuent tous les jours de relever leur beau d\u00e9fi, mais loin de comm\u00e9morer cet anniversaire au r\u00e9troviseur, ils parient encore et toujours sur les cr\u00e9ateurs de demain, dans un feu d\u2019artifice d\u2019id\u00e9es, de formes, de mat\u00e9riaux et d\u2019inventivit\u00e9.\u00bb (Fran\u00e7oise Jaunin)<\/p>\n\n\n<div id=\"gslideshow\" class=\"gss-container\">\n\t<div class=\"cycle-slideshow\" \n\t\tdata-cycle-slides=\"> a\"\n\t\tdata-cycle-paused=\"true\"\n\t\tdata-cycle-prev=\"#gslideshow_prev\"\n\t\tdata-cycle-next=\"#gslideshow_next\"\n\t\tdata-cycle-pager=\"#gslideshow_pager\"\n\t\tdata-cycle-pager-template=\"<a href=#>&nbsp;<\/a>\"\n\t\tdata-cycle-speed=\"750\"\n\t\tdata-cycle-caption=\"#gslideshow_captions\"\n\t\tdata-cycle-caption-template=\"{{cycleCaption}}\"\n\t\t>\n\t\t\t<div id=\"gslideshow_pager\" class=\"gss-pager\"><\/div>\n\t\t\t<a href=\"https:\/\/www.goldor.ch\/fr\/viceversa-a-20-ans\/viceversa_sonobe_3-2\/\" data-cycle-caption=\"Etsuko Sonobe, bague \u00abThe Shape of Time\u00bb, 2017, cristal de roche, or. \"><img decoding=\"async\" src=\"https:\/\/www.goldor.ch\/wp-content\/uploads\/2018\/04\/Viceversa_Sonobe_3.jpg\" title=\"Viceversa_Sonobe_3\" alt=\"Viceversa_Sonobe_3\" \/><\/a>\n\n\t\t\t<a href=\"https:\/\/www.goldor.ch\/fr\/viceversa-a-20-ans\/viceversa_johansson_loops-2\/\" data-cycle-caption=\"Karin Johansson, collier \u00abLoops\u00bb, 2018, or, aluminium anodis\u00e9, acryl.\"><img decoding=\"async\" src=\"https:\/\/www.goldor.ch\/wp-content\/uploads\/2018\/04\/Viceversa_Johansson_Loops.jpg\" title=\"Viceversa_Johansson_Loops\" alt=\"Viceversa_Johansson_Loops\" \/><\/a>\n\n\t\t\t<a href=\"https:\/\/www.goldor.ch\/fr\/viceversa-a-20-ans\/viceversa_sajet_undici-2\/\" data-cycle-caption=\"Philip Sajet, bague \u00abCullinan 5\u00bb, 2018, cristal de roche, or, rubis.\"><img decoding=\"async\" src=\"https:\/\/www.goldor.ch\/wp-content\/uploads\/2018\/04\/Viceversa_Sajet_undici.jpg\" title=\"Viceversa_Sajet_undici\" alt=\"Viceversa_Sajet_undici\" \/><\/a>\n\n\t\t\t<a href=\"https:\/\/www.goldor.ch\/fr\/viceversa-a-20-ans\/viceversa_tolvanen_2018-game-2\/\" data-cycle-caption=\"Terhi Tolvanen, boucles d\u2019oreille \u00abGame\u00bb, 2018, argent noirci, opale reconstitu\u00e9e, perles facett\u00e9es.\"><img decoding=\"async\" src=\"https:\/\/www.goldor.ch\/wp-content\/uploads\/2018\/04\/Viceversa_Tolvanen_2018-Game.jpg\" title=\"Viceversa_Tolvanen_2018-Game\" alt=\"Viceversa_Tolvanen_2018-Game\" \/><\/a>\n\n\t\t\t<a href=\"https:\/\/www.goldor.ch\/fr\/viceversa-a-20-ans\/viceversa_tolvanen_2018-grass-2\/\" data-cycle-caption=\"Terhi Tolvanen, boucles d\u2019oreille \u00abGrass\u00bb, 2018, argent noirci, jade reconstitu\u00e9, tourmalines. \"><img decoding=\"async\" src=\"https:\/\/www.goldor.ch\/wp-content\/uploads\/2018\/04\/Viceversa_Tolvanen_2018-Grass.jpg\" title=\"Viceversa_Tolvanen_2018-Grass\" alt=\"Viceversa_Tolvanen_2018-Grass\" \/><\/a>\n\n\t\t\t<a href=\"https:\/\/www.goldor.ch\/fr\/viceversa-a-20-ans\/viceversa_speckner_4b-2\/\" data-cycle-caption=\"Bettina Speckner, broche, photogravure, zinc, argent, saphir.\"><img decoding=\"async\" src=\"https:\/\/www.goldor.ch\/wp-content\/uploads\/2018\/04\/Viceversa_Speckner_4b.jpg\" title=\"Viceversa_Speckner_4b\" alt=\"Viceversa_Speckner_4b\" \/><\/a>\n\n\t\t\t<a href=\"https:\/\/www.goldor.ch\/fr\/viceversa-a-20-ans\/viceversa_isverding-2\/\" data-cycle-caption=\"Melanie Isverding, broche \u00abNos XIV\u00bb, verre, argent, soie.\"><img decoding=\"async\" src=\"https:\/\/www.goldor.ch\/wp-content\/uploads\/2018\/04\/Viceversa_ISVERDING.jpg\" title=\"Viceversa_ISVERDING\" alt=\"Viceversa_ISVERDING\" \/><\/a>\n\n\t\t\t<a href=\"https:\/\/www.goldor.ch\/fr\/viceversa-a-20-ans\/viceversa_zimmmermann-2\/\" data-cycle-caption=\"Petra Zimmermann, bague, 2014, argent, polym\u00e9thyl\u00e8ne, ambre, bijoux fantaisie.\"><img decoding=\"async\" src=\"https:\/\/www.goldor.ch\/wp-content\/uploads\/2018\/04\/Viceversa_Zimmmermann.jpg\" title=\"Viceversa_Zimmmermann\" alt=\"Viceversa_Zimmmermann\" \/><\/a>\n\t<\/div>\n\t<div class=\"gss-info\">\n\t\t<div class=\"gss-nav\"><div id=\"gslideshow_prev\" class=\"gss-prev\">&lt;<\/div><div id=\"gslideshow_play\" class=\"gss-play\">&#9658;<\/div><div id=\"gslideshow_next\" class=\"gss-next\">&gt;<\/div><\/div><div class=\"gss-long-cap\">Terhi Tolvanen, boucles d\u2019oreille \u00abGame\u00bb, 2018, argent noirci, opale reconstitu\u00e9e, perles facett\u00e9es.<\/div><div id=\"gslideshow_captions\" class=\"gss-captions\"><\/div>\n\t<\/div>\n<\/div>\n\n\n","protected":false},"excerpt":{"rendered":"<p>Viceversa, la galerie de bijoux \u00e0 Lausanne, f\u00eate ses 20 ans. Vernissage festif le samedi 28 avril. Exposition du 28 avril au 2 juin 2018.<\/p>\n<a href=\"https:\/\/www.goldor.ch\/fr\/viceversa-a-20-ans\/\" class=\"article-more\" title=\"mehr\">plus<\/a>","protected":false},"author":7,"featured_media":11246,"comment_status":"closed","ping_status":"closed","sticky":false,"template":"","format":"standard","meta":{"_acf_changed":false,"footnotes":""},"categories":[371],"tags":[103,590,1499,589],"class_list":["post-11248","post","type-post","status-publish","format-standard","has-post-thumbnail","hentry","category-eventkategorie-fr","tag-bijoux","tag-expositon","tag-galerie-fr","tag-vernissage"],"acf":[],"yoast_head":"<!-- This site is optimized with the Yoast SEO plugin v27.2 - https:\/\/yoast.com\/product\/yoast-seo-wordpress\/ -->\n<title>Viceversa a 20 ans - Gold&#039;Or<\/title>\n<meta name=\"robots\" content=\"index, follow, max-snippet:-1, max-image-preview:large, max-video-preview:-1\" \/>\n<link rel=\"canonical\" href=\"https:\/\/www.goldor.ch\/fr\/viceversa-a-20-ans\/\" \/>\n<meta property=\"og:locale\" content=\"fr_FR\" \/>\n<meta property=\"og:type\" content=\"article\" \/>\n<meta property=\"og:title\" content=\"Viceversa a 20 ans - Gold&#039;Or\" \/>\n<meta property=\"og:description\" content=\"Viceversa, la galerie de bijoux \u00e0 Lausanne, f\u00eate ses 20 ans. Vernissage festif le samedi 28 avril. Exposition du 28 avril au 2 juin 2018.\" \/>\n<meta property=\"og:url\" content=\"https:\/\/www.goldor.ch\/fr\/viceversa-a-20-ans\/\" \/>\n<meta property=\"og:site_name\" content=\"Gold&#039;Or\" \/>\n<meta property=\"article:publisher\" content=\"https:\/\/www.facebook.com\/goldormagazin\/\" \/>\n<meta property=\"article:published_time\" content=\"2018-04-27T12:38:22+00:00\" \/>\n<meta property=\"article:modified_time\" content=\"2018-04-27T12:50:07+00:00\" \/>\n<meta property=\"og:image\" content=\"https:\/\/www.goldor.ch\/wp-content\/uploads\/2018\/04\/Viceversa_Sonobe_3-1.jpg\" \/>\n\t<meta property=\"og:image:width\" content=\"469\" \/>\n\t<meta property=\"og:image:height\" content=\"269\" \/>\n\t<meta property=\"og:image:type\" content=\"image\/jpeg\" \/>\n<meta name=\"author\" content=\"Marcel Weder\" \/>\n<meta name=\"twitter:card\" content=\"summary_large_image\" \/>\n<meta name=\"twitter:creator\" content=\"@Goldormagazin\" \/>\n<meta name=\"twitter:site\" content=\"@Goldormagazin\" \/>\n<meta name=\"twitter:label1\" content=\"\u00c9crit par\" \/>\n\t<meta name=\"twitter:data1\" content=\"Marcel Weder\" \/>\n\t<meta name=\"twitter:label2\" content=\"Dur\u00e9e de lecture estim\u00e9e\" \/>\n\t<meta name=\"twitter:data2\" content=\"2 minutes\" \/>\n<script type=\"application\/ld+json\" class=\"yoast-schema-graph\">{\"@context\":\"https:\/\/schema.org\",\"@graph\":[{\"@type\":\"Article\",\"@id\":\"https:\/\/www.goldor.ch\/fr\/viceversa-a-20-ans\/#article\",\"isPartOf\":{\"@id\":\"https:\/\/www.goldor.ch\/fr\/viceversa-a-20-ans\/\"},\"author\":{\"name\":\"Marcel Weder\",\"@id\":\"https:\/\/papayawhip-lapwing-830539.hostingersite.com\/#\/schema\/person\/8b576ec4b76c0af4ca238b50ad440c33\"},\"headline\":\"Viceversa a 20 ans\",\"datePublished\":\"2018-04-27T12:38:22+00:00\",\"dateModified\":\"2018-04-27T12:50:07+00:00\",\"mainEntityOfPage\":{\"@id\":\"https:\/\/www.goldor.ch\/fr\/viceversa-a-20-ans\/\"},\"wordCount\":336,\"image\":{\"@id\":\"https:\/\/www.goldor.ch\/fr\/viceversa-a-20-ans\/#primaryimage\"},\"thumbnailUrl\":\"https:\/\/www.goldor.ch\/wp-content\/uploads\/2018\/04\/Viceversa_Sonobe_3-1.jpg\",\"keywords\":[\"Bijoux\",\"Expositon\",\"Galerie\",\"Vernissage\"],\"articleSection\":[\"Event\"],\"inLanguage\":\"fr-FR\"},{\"@type\":\"WebPage\",\"@id\":\"https:\/\/www.goldor.ch\/fr\/viceversa-a-20-ans\/\",\"url\":\"https:\/\/www.goldor.ch\/fr\/viceversa-a-20-ans\/\",\"name\":\"Viceversa a 20 ans - Gold'Or\",\"isPartOf\":{\"@id\":\"https:\/\/papayawhip-lapwing-830539.hostingersite.com\/#website\"},\"primaryImageOfPage\":{\"@id\":\"https:\/\/www.goldor.ch\/fr\/viceversa-a-20-ans\/#primaryimage\"},\"image\":{\"@id\":\"https:\/\/www.goldor.ch\/fr\/viceversa-a-20-ans\/#primaryimage\"},\"thumbnailUrl\":\"https:\/\/www.goldor.ch\/wp-content\/uploads\/2018\/04\/Viceversa_Sonobe_3-1.jpg\",\"datePublished\":\"2018-04-27T12:38:22+00:00\",\"dateModified\":\"2018-04-27T12:50:07+00:00\",\"author\":{\"@id\":\"https:\/\/papayawhip-lapwing-830539.hostingersite.com\/#\/schema\/person\/8b576ec4b76c0af4ca238b50ad440c33\"},\"breadcrumb\":{\"@id\":\"https:\/\/www.goldor.ch\/fr\/viceversa-a-20-ans\/#breadcrumb\"},\"inLanguage\":\"fr-FR\",\"potentialAction\":[{\"@type\":\"ReadAction\",\"target\":[\"https:\/\/www.goldor.ch\/fr\/viceversa-a-20-ans\/\"]}]},{\"@type\":\"ImageObject\",\"inLanguage\":\"fr-FR\",\"@id\":\"https:\/\/www.goldor.ch\/fr\/viceversa-a-20-ans\/#primaryimage\",\"url\":\"https:\/\/www.goldor.ch\/wp-content\/uploads\/2018\/04\/Viceversa_Sonobe_3-1.jpg\",\"contentUrl\":\"https:\/\/www.goldor.ch\/wp-content\/uploads\/2018\/04\/Viceversa_Sonobe_3-1.jpg\",\"width\":469,\"height\":269},{\"@type\":\"BreadcrumbList\",\"@id\":\"https:\/\/www.goldor.ch\/fr\/viceversa-a-20-ans\/#breadcrumb\",\"itemListElement\":[{\"@type\":\"ListItem\",\"position\":1,\"name\":\"Startseite\",\"item\":\"https:\/\/papayawhip-lapwing-830539.hostingersite.com\/\"},{\"@type\":\"ListItem\",\"position\":2,\"name\":\"Viceversa a 20 ans\"}]},{\"@type\":\"WebSite\",\"@id\":\"https:\/\/papayawhip-lapwing-830539.hostingersite.com\/#website\",\"url\":\"https:\/\/papayawhip-lapwing-830539.hostingersite.com\/\",\"name\":\"Gold'Or\",\"description\":\"La revue professionnelle suisse de la bijouterie et de l'horlogerie\",\"potentialAction\":[{\"@type\":\"SearchAction\",\"target\":{\"@type\":\"EntryPoint\",\"urlTemplate\":\"https:\/\/papayawhip-lapwing-830539.hostingersite.com\/?s={search_term_string}\"},\"query-input\":{\"@type\":\"PropertyValueSpecification\",\"valueRequired\":true,\"valueName\":\"search_term_string\"}}],\"inLanguage\":\"fr-FR\"},{\"@type\":\"Person\",\"@id\":\"https:\/\/papayawhip-lapwing-830539.hostingersite.com\/#\/schema\/person\/8b576ec4b76c0af4ca238b50ad440c33\",\"name\":\"Marcel Weder\",\"image\":{\"@type\":\"ImageObject\",\"inLanguage\":\"fr-FR\",\"@id\":\"https:\/\/www.goldor.ch\/wp-content\/litespeed\/avatar\/a98a32acea99158017222c59d82a463b.jpg?ver=1777383596\",\"url\":\"https:\/\/www.goldor.ch\/wp-content\/litespeed\/avatar\/a98a32acea99158017222c59d82a463b.jpg?ver=1777383596\",\"contentUrl\":\"https:\/\/www.goldor.ch\/wp-content\/litespeed\/avatar\/a98a32acea99158017222c59d82a463b.jpg?ver=1777383596\",\"caption\":\"Marcel Weder\"},\"sameAs\":[\"http:\/\/goldor.ch\"],\"url\":\"https:\/\/www.goldor.ch\/fr\/profile\/mwedergoldor-ch\/\"}]}<\/script>\n<!-- \/ Yoast SEO plugin. -->","yoast_head_json":{"title":"Viceversa a 20 ans - Gold'Or","robots":{"index":"index","follow":"follow","max-snippet":"max-snippet:-1","max-image-preview":"max-image-preview:large","max-video-preview":"max-video-preview:-1"},"canonical":"https:\/\/www.goldor.ch\/fr\/viceversa-a-20-ans\/","og_locale":"fr_FR","og_type":"article","og_title":"Viceversa a 20 ans - Gold'Or","og_description":"Viceversa, la galerie de bijoux \u00e0 Lausanne, f\u00eate ses 20 ans. Vernissage festif le samedi 28 avril. Exposition du 28 avril au 2 juin 2018.","og_url":"https:\/\/www.goldor.ch\/fr\/viceversa-a-20-ans\/","og_site_name":"Gold'Or","article_publisher":"https:\/\/www.facebook.com\/goldormagazin\/","article_published_time":"2018-04-27T12:38:22+00:00","article_modified_time":"2018-04-27T12:50:07+00:00","og_image":[{"width":469,"height":269,"url":"https:\/\/www.goldor.ch\/wp-content\/uploads\/2018\/04\/Viceversa_Sonobe_3-1.jpg","type":"image\/jpeg"}],"author":"Marcel Weder","twitter_card":"summary_large_image","twitter_creator":"@Goldormagazin","twitter_site":"@Goldormagazin","twitter_misc":{"\u00c9crit par":"Marcel Weder","Dur\u00e9e de lecture estim\u00e9e":"2 minutes"},"schema":{"@context":"https:\/\/schema.org","@graph":[{"@type":"Article","@id":"https:\/\/www.goldor.ch\/fr\/viceversa-a-20-ans\/#article","isPartOf":{"@id":"https:\/\/www.goldor.ch\/fr\/viceversa-a-20-ans\/"},"author":{"name":"Marcel Weder","@id":"https:\/\/papayawhip-lapwing-830539.hostingersite.com\/#\/schema\/person\/8b576ec4b76c0af4ca238b50ad440c33"},"headline":"Viceversa a 20 ans","datePublished":"2018-04-27T12:38:22+00:00","dateModified":"2018-04-27T12:50:07+00:00","mainEntityOfPage":{"@id":"https:\/\/www.goldor.ch\/fr\/viceversa-a-20-ans\/"},"wordCount":336,"image":{"@id":"https:\/\/www.goldor.ch\/fr\/viceversa-a-20-ans\/#primaryimage"},"thumbnailUrl":"https:\/\/www.goldor.ch\/wp-content\/uploads\/2018\/04\/Viceversa_Sonobe_3-1.jpg","keywords":["Bijoux","Expositon","Galerie","Vernissage"],"articleSection":["Event"],"inLanguage":"fr-FR"},{"@type":"WebPage","@id":"https:\/\/www.goldor.ch\/fr\/viceversa-a-20-ans\/","url":"https:\/\/www.goldor.ch\/fr\/viceversa-a-20-ans\/","name":"Viceversa a 20 ans - Gold'Or","isPartOf":{"@id":"https:\/\/papayawhip-lapwing-830539.hostingersite.com\/#website"},"primaryImageOfPage":{"@id":"https:\/\/www.goldor.ch\/fr\/viceversa-a-20-ans\/#primaryimage"},"image":{"@id":"https:\/\/www.goldor.ch\/fr\/viceversa-a-20-ans\/#primaryimage"},"thumbnailUrl":"https:\/\/www.goldor.ch\/wp-content\/uploads\/2018\/04\/Viceversa_Sonobe_3-1.jpg","datePublished":"2018-04-27T12:38:22+00:00","dateModified":"2018-04-27T12:50:07+00:00","author":{"@id":"https:\/\/papayawhip-lapwing-830539.hostingersite.com\/#\/schema\/person\/8b576ec4b76c0af4ca238b50ad440c33"},"breadcrumb":{"@id":"https:\/\/www.goldor.ch\/fr\/viceversa-a-20-ans\/#breadcrumb"},"inLanguage":"fr-FR","potentialAction":[{"@type":"ReadAction","target":["https:\/\/www.goldor.ch\/fr\/viceversa-a-20-ans\/"]}]},{"@type":"ImageObject","inLanguage":"fr-FR","@id":"https:\/\/www.goldor.ch\/fr\/viceversa-a-20-ans\/#primaryimage","url":"https:\/\/www.goldor.ch\/wp-content\/uploads\/2018\/04\/Viceversa_Sonobe_3-1.jpg","contentUrl":"https:\/\/www.goldor.ch\/wp-content\/uploads\/2018\/04\/Viceversa_Sonobe_3-1.jpg","width":469,"height":269},{"@type":"BreadcrumbList","@id":"https:\/\/www.goldor.ch\/fr\/viceversa-a-20-ans\/#breadcrumb","itemListElement":[{"@type":"ListItem","position":1,"name":"Startseite","item":"https:\/\/papayawhip-lapwing-830539.hostingersite.com\/"},{"@type":"ListItem","position":2,"name":"Viceversa a 20 ans"}]},{"@type":"WebSite","@id":"https:\/\/papayawhip-lapwing-830539.hostingersite.com\/#website","url":"https:\/\/papayawhip-lapwing-830539.hostingersite.com\/","name":"Gold'Or","description":"La revue professionnelle suisse de la bijouterie et de l'horlogerie","potentialAction":[{"@type":"SearchAction","target":{"@type":"EntryPoint","urlTemplate":"https:\/\/papayawhip-lapwing-830539.hostingersite.com\/?s={search_term_string}"},"query-input":{"@type":"PropertyValueSpecification","valueRequired":true,"valueName":"search_term_string"}}],"inLanguage":"fr-FR"},{"@type":"Person","@id":"https:\/\/papayawhip-lapwing-830539.hostingersite.com\/#\/schema\/person\/8b576ec4b76c0af4ca238b50ad440c33","name":"Marcel Weder","image":{"@type":"ImageObject","inLanguage":"fr-FR","@id":"https:\/\/www.goldor.ch\/wp-content\/litespeed\/avatar\/a98a32acea99158017222c59d82a463b.jpg?ver=1777383596","url":"https:\/\/www.goldor.ch\/wp-content\/litespeed\/avatar\/a98a32acea99158017222c59d82a463b.jpg?ver=1777383596","contentUrl":"https:\/\/www.goldor.ch\/wp-content\/litespeed\/avatar\/a98a32acea99158017222c59d82a463b.jpg?ver=1777383596","caption":"Marcel Weder"},"sameAs":["http:\/\/goldor.ch"],"url":"https:\/\/www.goldor.ch\/fr\/profile\/mwedergoldor-ch\/"}]}},"_links":{"self":[{"href":"https:\/\/www.goldor.ch\/fr\/wp-json\/wp\/v2\/posts\/11248","targetHints":{"allow":["GET"]}}],"collection":[{"href":"https:\/\/www.goldor.ch\/fr\/wp-json\/wp\/v2\/posts"}],"about":[{"href":"https:\/\/www.goldor.ch\/fr\/wp-json\/wp\/v2\/types\/post"}],"author":[{"embeddable":true,"href":"https:\/\/www.goldor.ch\/fr\/wp-json\/wp\/v2\/users\/7"}],"replies":[{"embeddable":true,"href":"https:\/\/www.goldor.ch\/fr\/wp-json\/wp\/v2\/comments?post=11248"}],"version-history":[{"count":3,"href":"https:\/\/www.goldor.ch\/fr\/wp-json\/wp\/v2\/posts\/11248\/revisions"}],"predecessor-version":[{"id":11251,"href":"https:\/\/www.goldor.ch\/fr\/wp-json\/wp\/v2\/posts\/11248\/revisions\/11251"}],"wp:featuredmedia":[{"embeddable":true,"href":"https:\/\/www.goldor.ch\/fr\/wp-json\/wp\/v2\/media\/11246"}],"wp:attachment":[{"href":"https:\/\/www.goldor.ch\/fr\/wp-json\/wp\/v2\/media?parent=11248"}],"wp:term":[{"taxonomy":"category","embeddable":true,"href":"https:\/\/www.goldor.ch\/fr\/wp-json\/wp\/v2\/categories?post=11248"},{"taxonomy":"post_tag","embeddable":true,"href":"https:\/\/www.goldor.ch\/fr\/wp-json\/wp\/v2\/tags?post=11248"}],"curies":[{"name":"wp","href":"https:\/\/api.w.org\/{rel}","templated":true}]}}