{"id":11505,"date":"2018-05-25T15:06:21","date_gmt":"2018-05-25T13:06:21","guid":{"rendered":"http:\/\/www.goldor.ch\/wechsel-bei-der-baselworld\/"},"modified":"2018-05-25T16:22:17","modified_gmt":"2018-05-25T14:22:17","slug":"wechsel-bei-der-baselworld","status":"publish","type":"post","link":"https:\/\/www.goldor.ch\/fr\/wechsel-bei-der-baselworld\/","title":{"rendered":"Nouvelle direction de Baselworld"},"content":{"rendered":"<p><em>Sylvie Ritter, Directrice G\u00e9n\u00e9rale de Baselworld depuis de longues ann\u00e9es, a d\u00e9cid\u00e9 de se retirer de ses fonctions au sein de MCH Group. Michel Loris-Melikoff, qui a occup\u00e9 jusqu\u2019\u00e0 pr\u00e9sent le poste de Directeur G\u00e9n\u00e9ral de MCH Beaulieu Lausanne SA, prendra sa succession.<\/em><\/p>\n<p>La directrice g\u00e9n\u00e9rale de Baselworld, Sylvie Ritter, a d\u00e9cid\u00e9 de quitter la direction du salon. \u00abApr\u00e8s 26 ann\u00e9es au sein de MCH Group \u2013 dont 15 \u00e0 la t\u00eate de Baselworld \u2013 il est temps pour moi de commencer quelque chose de nouveau et de relever de nouveaux d\u00e9fis\u00bb, c\u2019est ainsi que Sylvie Ritter explique sa d\u00e9cision. Martin Fergusson, chef de vente prendra \u00e9galement sa d\u00e9mission. C\u2019est avec grand regret que les responsables de Baselworld ont pris connaissance du d\u00e9part de Sylvie Ritter: \u00abElle a fa\u00e7onn\u00e9 et dirig\u00e9 Baselworld avec beaucoup de passion et de professionnalisme\u00bb souligne Ren\u00e9 Kamm, CEO de MCH Group.<\/p>\n<h3><strong>Le nouveau directeur, un juriste et manager d\u2019\u00e9v\u00e9nements<\/strong><\/h3>\n<p>Michel Loris-Melikoff, entr\u00e9 il y a trois ans chez MCH Group en tant que Directeur G\u00e9n\u00e9ral de MCH Beaulieu Lausanne SA, sera le nouveau directeur du Salon. La passation de pouvoir se fera le 1er juillet. Juriste de formation, Michel Loris-Melikoff, 53 ans, a d\u00e9but\u00e9 sa carri\u00e8re professionnelle dans le Private Banking, avant de se lancer il y a 20 ans dans l\u2019\u00e9v\u00e9nementiel. Apr\u00e8s six ans de pr\u00e9sidence \u00e0 la t\u00eate de la Street Parade Zurich, il a pris la direction d\u2019une agence \u00e9v\u00e9nementielle sp\u00e9cialis\u00e9e dans la conception et la r\u00e9alisation de manifestations nationales et internationales. Il a pris ensuite la direction de \u00abSt.\u00a0Jakobshalle\u00bb \u00e0 B\u00e2le avant de rejoindre MCH Group.<\/p>\n<h3>Nombreuses innovations pour 2019<\/h3>\n<p>\u00abNous allons renforcer l\u2019\u00e9quipe de Baselworld et le salon proprement dit afin de relever les d\u00e9fis du futur et nous poursuivrons les efforts d\u00e9j\u00e0 engag\u00e9s dans l\u2019am\u00e9lioration de la qualit\u00e9 de notre manifestation\u00bb, d\u00e9clare Michel Loris-Melikoff. \u00abNos efforts porteront \u00e9galement sur l\u2019aspect conceptuel pour que Baselworld se positionne comme premi\u00e8re plate-forme mondiale de marketing et de communication de la branche.\u00bb C\u2019est en ces termes que Michel Loris-Melikoff annonce une initiative sp\u00e9cialement d\u00e9di\u00e9e au segment de la bijouterie. De nouveaux concepts seraient \u00e9galement \u00e0 l\u2019\u00e9tude pour les domaines des montres et des pierres pr\u00e9cieuses, concepts qui devraient \u00eatre pr\u00e9sent\u00e9s tr\u00e8s prochainement. En plus, le journal du Salon, le \u00abBaselworld Daily News\u00bb, revient dans une version imprim\u00e9e et avec un nouveau concept. (r\u00e9d.)<\/p>\n","protected":false},"excerpt":{"rendered":"<p>Sylvie Ritter, Directrice G\u00e9n\u00e9rale de Baselworld depuis de longues ann\u00e9es, a d\u00e9cid\u00e9 de se retirer de ses fonctions au sein de MCH Group. <\/p>\n<a href=\"https:\/\/www.goldor.ch\/fr\/wechsel-bei-der-baselworld\/\" class=\"article-more\" title=\"mehr\">plus<\/a>","protected":false},"author":4,"featured_media":11494,"comment_status":"closed","ping_status":"closed","sticky":false,"template":"","format":"standard","meta":{"_acf_changed":false,"footnotes":""},"categories":[281],"tags":[606],"class_list":["post-11505","post","type-post","status-publish","format-standard","has-post-thumbnail","hentry","category-news-fr","tag-baselworld-fr"],"acf":[],"yoast_head":"<!-- This site is optimized with the Yoast SEO plugin v27.2 - https:\/\/yoast.com\/product\/yoast-seo-wordpress\/ -->\n<title>Nouvelle direction de Baselworld - Gold&#039;Or<\/title>\n<meta name=\"robots\" content=\"index, follow, max-snippet:-1, max-image-preview:large, max-video-preview:-1\" \/>\n<link rel=\"canonical\" href=\"https:\/\/papayawhip-lapwing-830539.hostingersite.com\/fr\/wechsel-bei-der-baselworld\/\" \/>\n<meta property=\"og:locale\" content=\"fr_FR\" \/>\n<meta property=\"og:type\" content=\"article\" \/>\n<meta property=\"og:title\" content=\"Nouvelle direction de Baselworld - Gold&#039;Or\" \/>\n<meta property=\"og:description\" content=\"Sylvie Ritter, Directrice G\u00e9n\u00e9rale de Baselworld depuis de longues ann\u00e9es, a d\u00e9cid\u00e9 de se retirer de ses fonctions au sein de MCH Group.\" \/>\n<meta property=\"og:url\" content=\"https:\/\/papayawhip-lapwing-830539.hostingersite.com\/fr\/wechsel-bei-der-baselworld\/\" \/>\n<meta property=\"og:site_name\" content=\"Gold&#039;Or\" \/>\n<meta property=\"article:publisher\" content=\"https:\/\/www.facebook.com\/goldormagazin\/\" \/>\n<meta property=\"article:published_time\" content=\"2018-05-25T13:06:21+00:00\" \/>\n<meta property=\"article:modified_time\" content=\"2018-05-25T14:22:17+00:00\" \/>\n<meta property=\"og:image\" content=\"https:\/\/papayawhip-lapwing-830539.hostingersite.com\/wp-content\/uploads\/2018\/05\/2018-05-25-Baselworld-Fuehrungswechsel.jpg\" \/>\n\t<meta property=\"og:image:width\" content=\"600\" \/>\n\t<meta property=\"og:image:height\" content=\"349\" \/>\n\t<meta property=\"og:image:type\" content=\"image\/jpeg\" \/>\n<meta name=\"author\" content=\"Tanja Wenger\" \/>\n<meta name=\"twitter:card\" content=\"summary_large_image\" \/>\n<meta name=\"twitter:creator\" content=\"@Goldormagazin\" \/>\n<meta name=\"twitter:site\" content=\"@Goldormagazin\" \/>\n<meta name=\"twitter:label1\" content=\"\u00c9crit par\" \/>\n\t<meta name=\"twitter:data1\" content=\"Tanja Wenger\" \/>\n\t<meta name=\"twitter:label2\" content=\"Dur\u00e9e de lecture estim\u00e9e\" \/>\n\t<meta name=\"twitter:data2\" content=\"2 minutes\" \/>\n<script type=\"application\/ld+json\" class=\"yoast-schema-graph\">{\"@context\":\"https:\/\/schema.org\",\"@graph\":[{\"@type\":\"Article\",\"@id\":\"https:\/\/papayawhip-lapwing-830539.hostingersite.com\/fr\/wechsel-bei-der-baselworld\/#article\",\"isPartOf\":{\"@id\":\"https:\/\/papayawhip-lapwing-830539.hostingersite.com\/fr\/wechsel-bei-der-baselworld\/\"},\"author\":{\"name\":\"Tanja Wenger\",\"@id\":\"https:\/\/papayawhip-lapwing-830539.hostingersite.com\/#\/schema\/person\/f7f1579f2b2e73b5403638ce91f7f249\"},\"headline\":\"Nouvelle direction de Baselworld\",\"datePublished\":\"2018-05-25T13:06:21+00:00\",\"dateModified\":\"2018-05-25T14:22:17+00:00\",\"mainEntityOfPage\":{\"@id\":\"https:\/\/papayawhip-lapwing-830539.hostingersite.com\/fr\/wechsel-bei-der-baselworld\/\"},\"wordCount\":441,\"image\":{\"@id\":\"https:\/\/papayawhip-lapwing-830539.hostingersite.com\/fr\/wechsel-bei-der-baselworld\/#primaryimage\"},\"thumbnailUrl\":\"https:\/\/www.goldor.ch\/wp-content\/uploads\/2018\/05\/2018-05-25-Baselworld-Fuehrungswechsel.jpg\",\"keywords\":[\"Baselworld\"],\"articleSection\":[\"News\"],\"inLanguage\":\"fr-FR\"},{\"@type\":\"WebPage\",\"@id\":\"https:\/\/papayawhip-lapwing-830539.hostingersite.com\/fr\/wechsel-bei-der-baselworld\/\",\"url\":\"https:\/\/papayawhip-lapwing-830539.hostingersite.com\/fr\/wechsel-bei-der-baselworld\/\",\"name\":\"Nouvelle direction de Baselworld - Gold'Or\",\"isPartOf\":{\"@id\":\"https:\/\/papayawhip-lapwing-830539.hostingersite.com\/#website\"},\"primaryImageOfPage\":{\"@id\":\"https:\/\/papayawhip-lapwing-830539.hostingersite.com\/fr\/wechsel-bei-der-baselworld\/#primaryimage\"},\"image\":{\"@id\":\"https:\/\/papayawhip-lapwing-830539.hostingersite.com\/fr\/wechsel-bei-der-baselworld\/#primaryimage\"},\"thumbnailUrl\":\"https:\/\/www.goldor.ch\/wp-content\/uploads\/2018\/05\/2018-05-25-Baselworld-Fuehrungswechsel.jpg\",\"datePublished\":\"2018-05-25T13:06:21+00:00\",\"dateModified\":\"2018-05-25T14:22:17+00:00\",\"author\":{\"@id\":\"https:\/\/papayawhip-lapwing-830539.hostingersite.com\/#\/schema\/person\/f7f1579f2b2e73b5403638ce91f7f249\"},\"breadcrumb\":{\"@id\":\"https:\/\/papayawhip-lapwing-830539.hostingersite.com\/fr\/wechsel-bei-der-baselworld\/#breadcrumb\"},\"inLanguage\":\"fr-FR\",\"potentialAction\":[{\"@type\":\"ReadAction\",\"target\":[\"https:\/\/papayawhip-lapwing-830539.hostingersite.com\/fr\/wechsel-bei-der-baselworld\/\"]}]},{\"@type\":\"ImageObject\",\"inLanguage\":\"fr-FR\",\"@id\":\"https:\/\/papayawhip-lapwing-830539.hostingersite.com\/fr\/wechsel-bei-der-baselworld\/#primaryimage\",\"url\":\"https:\/\/www.goldor.ch\/wp-content\/uploads\/2018\/05\/2018-05-25-Baselworld-Fuehrungswechsel.jpg\",\"contentUrl\":\"https:\/\/www.goldor.ch\/wp-content\/uploads\/2018\/05\/2018-05-25-Baselworld-Fuehrungswechsel.jpg\",\"width\":600,\"height\":349},{\"@type\":\"BreadcrumbList\",\"@id\":\"https:\/\/papayawhip-lapwing-830539.hostingersite.com\/fr\/wechsel-bei-der-baselworld\/#breadcrumb\",\"itemListElement\":[{\"@type\":\"ListItem\",\"position\":1,\"name\":\"Startseite\",\"item\":\"https:\/\/papayawhip-lapwing-830539.hostingersite.com\/\"},{\"@type\":\"ListItem\",\"position\":2,\"name\":\"Nouvelle direction de Baselworld\"}]},{\"@type\":\"WebSite\",\"@id\":\"https:\/\/papayawhip-lapwing-830539.hostingersite.com\/#website\",\"url\":\"https:\/\/papayawhip-lapwing-830539.hostingersite.com\/\",\"name\":\"Gold'Or\",\"description\":\"La revue professionnelle suisse de la bijouterie et de l'horlogerie\",\"potentialAction\":[{\"@type\":\"SearchAction\",\"target\":{\"@type\":\"EntryPoint\",\"urlTemplate\":\"https:\/\/papayawhip-lapwing-830539.hostingersite.com\/?s={search_term_string}\"},\"query-input\":{\"@type\":\"PropertyValueSpecification\",\"valueRequired\":true,\"valueName\":\"search_term_string\"}}],\"inLanguage\":\"fr-FR\"},{\"@type\":\"Person\",\"@id\":\"https:\/\/papayawhip-lapwing-830539.hostingersite.com\/#\/schema\/person\/f7f1579f2b2e73b5403638ce91f7f249\",\"name\":\"Tanja Wenger\",\"image\":{\"@type\":\"ImageObject\",\"inLanguage\":\"fr-FR\",\"@id\":\"https:\/\/www.goldor.ch\/wp-content\/litespeed\/avatar\/6a3d1e08d7882d227b5456e601d2bd3e.jpg?ver=1777384552\",\"url\":\"https:\/\/www.goldor.ch\/wp-content\/litespeed\/avatar\/6a3d1e08d7882d227b5456e601d2bd3e.jpg?ver=1777384552\",\"contentUrl\":\"https:\/\/www.goldor.ch\/wp-content\/litespeed\/avatar\/6a3d1e08d7882d227b5456e601d2bd3e.jpg?ver=1777384552\",\"caption\":\"Tanja Wenger\"},\"url\":\"https:\/\/www.goldor.ch\/fr\/profile\/twengergoldor-ch\/\"}]}<\/script>\n<!-- \/ Yoast SEO plugin. -->","yoast_head_json":{"title":"Nouvelle direction de Baselworld - Gold'Or","robots":{"index":"index","follow":"follow","max-snippet":"max-snippet:-1","max-image-preview":"max-image-preview:large","max-video-preview":"max-video-preview:-1"},"canonical":"https:\/\/papayawhip-lapwing-830539.hostingersite.com\/fr\/wechsel-bei-der-baselworld\/","og_locale":"fr_FR","og_type":"article","og_title":"Nouvelle direction de Baselworld - Gold'Or","og_description":"Sylvie Ritter, Directrice G\u00e9n\u00e9rale de Baselworld depuis de longues ann\u00e9es, a d\u00e9cid\u00e9 de se retirer de ses fonctions au sein de MCH Group.","og_url":"https:\/\/papayawhip-lapwing-830539.hostingersite.com\/fr\/wechsel-bei-der-baselworld\/","og_site_name":"Gold'Or","article_publisher":"https:\/\/www.facebook.com\/goldormagazin\/","article_published_time":"2018-05-25T13:06:21+00:00","article_modified_time":"2018-05-25T14:22:17+00:00","og_image":[{"width":600,"height":349,"url":"https:\/\/papayawhip-lapwing-830539.hostingersite.com\/wp-content\/uploads\/2018\/05\/2018-05-25-Baselworld-Fuehrungswechsel.jpg","type":"image\/jpeg"}],"author":"Tanja Wenger","twitter_card":"summary_large_image","twitter_creator":"@Goldormagazin","twitter_site":"@Goldormagazin","twitter_misc":{"\u00c9crit par":"Tanja Wenger","Dur\u00e9e de lecture estim\u00e9e":"2 minutes"},"schema":{"@context":"https:\/\/schema.org","@graph":[{"@type":"Article","@id":"https:\/\/papayawhip-lapwing-830539.hostingersite.com\/fr\/wechsel-bei-der-baselworld\/#article","isPartOf":{"@id":"https:\/\/papayawhip-lapwing-830539.hostingersite.com\/fr\/wechsel-bei-der-baselworld\/"},"author":{"name":"Tanja Wenger","@id":"https:\/\/papayawhip-lapwing-830539.hostingersite.com\/#\/schema\/person\/f7f1579f2b2e73b5403638ce91f7f249"},"headline":"Nouvelle direction de Baselworld","datePublished":"2018-05-25T13:06:21+00:00","dateModified":"2018-05-25T14:22:17+00:00","mainEntityOfPage":{"@id":"https:\/\/papayawhip-lapwing-830539.hostingersite.com\/fr\/wechsel-bei-der-baselworld\/"},"wordCount":441,"image":{"@id":"https:\/\/papayawhip-lapwing-830539.hostingersite.com\/fr\/wechsel-bei-der-baselworld\/#primaryimage"},"thumbnailUrl":"https:\/\/www.goldor.ch\/wp-content\/uploads\/2018\/05\/2018-05-25-Baselworld-Fuehrungswechsel.jpg","keywords":["Baselworld"],"articleSection":["News"],"inLanguage":"fr-FR"},{"@type":"WebPage","@id":"https:\/\/papayawhip-lapwing-830539.hostingersite.com\/fr\/wechsel-bei-der-baselworld\/","url":"https:\/\/papayawhip-lapwing-830539.hostingersite.com\/fr\/wechsel-bei-der-baselworld\/","name":"Nouvelle direction de Baselworld - Gold'Or","isPartOf":{"@id":"https:\/\/papayawhip-lapwing-830539.hostingersite.com\/#website"},"primaryImageOfPage":{"@id":"https:\/\/papayawhip-lapwing-830539.hostingersite.com\/fr\/wechsel-bei-der-baselworld\/#primaryimage"},"image":{"@id":"https:\/\/papayawhip-lapwing-830539.hostingersite.com\/fr\/wechsel-bei-der-baselworld\/#primaryimage"},"thumbnailUrl":"https:\/\/www.goldor.ch\/wp-content\/uploads\/2018\/05\/2018-05-25-Baselworld-Fuehrungswechsel.jpg","datePublished":"2018-05-25T13:06:21+00:00","dateModified":"2018-05-25T14:22:17+00:00","author":{"@id":"https:\/\/papayawhip-lapwing-830539.hostingersite.com\/#\/schema\/person\/f7f1579f2b2e73b5403638ce91f7f249"},"breadcrumb":{"@id":"https:\/\/papayawhip-lapwing-830539.hostingersite.com\/fr\/wechsel-bei-der-baselworld\/#breadcrumb"},"inLanguage":"fr-FR","potentialAction":[{"@type":"ReadAction","target":["https:\/\/papayawhip-lapwing-830539.hostingersite.com\/fr\/wechsel-bei-der-baselworld\/"]}]},{"@type":"ImageObject","inLanguage":"fr-FR","@id":"https:\/\/papayawhip-lapwing-830539.hostingersite.com\/fr\/wechsel-bei-der-baselworld\/#primaryimage","url":"https:\/\/www.goldor.ch\/wp-content\/uploads\/2018\/05\/2018-05-25-Baselworld-Fuehrungswechsel.jpg","contentUrl":"https:\/\/www.goldor.ch\/wp-content\/uploads\/2018\/05\/2018-05-25-Baselworld-Fuehrungswechsel.jpg","width":600,"height":349},{"@type":"BreadcrumbList","@id":"https:\/\/papayawhip-lapwing-830539.hostingersite.com\/fr\/wechsel-bei-der-baselworld\/#breadcrumb","itemListElement":[{"@type":"ListItem","position":1,"name":"Startseite","item":"https:\/\/papayawhip-lapwing-830539.hostingersite.com\/"},{"@type":"ListItem","position":2,"name":"Nouvelle direction de Baselworld"}]},{"@type":"WebSite","@id":"https:\/\/papayawhip-lapwing-830539.hostingersite.com\/#website","url":"https:\/\/papayawhip-lapwing-830539.hostingersite.com\/","name":"Gold'Or","description":"La revue professionnelle suisse de la bijouterie et de l'horlogerie","potentialAction":[{"@type":"SearchAction","target":{"@type":"EntryPoint","urlTemplate":"https:\/\/papayawhip-lapwing-830539.hostingersite.com\/?s={search_term_string}"},"query-input":{"@type":"PropertyValueSpecification","valueRequired":true,"valueName":"search_term_string"}}],"inLanguage":"fr-FR"},{"@type":"Person","@id":"https:\/\/papayawhip-lapwing-830539.hostingersite.com\/#\/schema\/person\/f7f1579f2b2e73b5403638ce91f7f249","name":"Tanja Wenger","image":{"@type":"ImageObject","inLanguage":"fr-FR","@id":"https:\/\/www.goldor.ch\/wp-content\/litespeed\/avatar\/6a3d1e08d7882d227b5456e601d2bd3e.jpg?ver=1777384552","url":"https:\/\/www.goldor.ch\/wp-content\/litespeed\/avatar\/6a3d1e08d7882d227b5456e601d2bd3e.jpg?ver=1777384552","contentUrl":"https:\/\/www.goldor.ch\/wp-content\/litespeed\/avatar\/6a3d1e08d7882d227b5456e601d2bd3e.jpg?ver=1777384552","caption":"Tanja Wenger"},"url":"https:\/\/www.goldor.ch\/fr\/profile\/twengergoldor-ch\/"}]}},"_links":{"self":[{"href":"https:\/\/www.goldor.ch\/fr\/wp-json\/wp\/v2\/posts\/11505","targetHints":{"allow":["GET"]}}],"collection":[{"href":"https:\/\/www.goldor.ch\/fr\/wp-json\/wp\/v2\/posts"}],"about":[{"href":"https:\/\/www.goldor.ch\/fr\/wp-json\/wp\/v2\/types\/post"}],"author":[{"embeddable":true,"href":"https:\/\/www.goldor.ch\/fr\/wp-json\/wp\/v2\/users\/4"}],"replies":[{"embeddable":true,"href":"https:\/\/www.goldor.ch\/fr\/wp-json\/wp\/v2\/comments?post=11505"}],"version-history":[{"count":2,"href":"https:\/\/www.goldor.ch\/fr\/wp-json\/wp\/v2\/posts\/11505\/revisions"}],"predecessor-version":[{"id":11507,"href":"https:\/\/www.goldor.ch\/fr\/wp-json\/wp\/v2\/posts\/11505\/revisions\/11507"}],"wp:featuredmedia":[{"embeddable":true,"href":"https:\/\/www.goldor.ch\/fr\/wp-json\/wp\/v2\/media\/11494"}],"wp:attachment":[{"href":"https:\/\/www.goldor.ch\/fr\/wp-json\/wp\/v2\/media?parent=11505"}],"wp:term":[{"taxonomy":"category","embeddable":true,"href":"https:\/\/www.goldor.ch\/fr\/wp-json\/wp\/v2\/categories?post=11505"},{"taxonomy":"post_tag","embeddable":true,"href":"https:\/\/www.goldor.ch\/fr\/wp-json\/wp\/v2\/tags?post=11505"}],"curies":[{"name":"wp","href":"https:\/\/api.w.org\/{rel}","templated":true}]}}