{"id":25595,"date":"2020-05-29T08:31:03","date_gmt":"2020-05-29T06:31:03","guid":{"rendered":"https:\/\/www.goldor.ch\/?p=25595"},"modified":"2020-06-09T08:48:54","modified_gmt":"2020-06-09T06:48:54","slug":"juwelier-kurz-passe-dans-de-nouvelles-mains","status":"publish","type":"post","link":"https:\/\/www.goldor.ch\/fr\/juwelier-kurz-passe-dans-de-nouvelles-mains\/","title":{"rendered":"Juwelier Kurz passe dans de nouvelles mains"},"content":{"rendered":"<p>La soci\u00e9t\u00e9 IGS AG sise \u00e0 Wollerau reprendra avec effet au 1er septembre la maison Juwelier Kurz de Bucherer SA. IGS AG a rachet\u00e9 en 2015 la partie suisse du groupe Oro Vivo et ses 20 bijouteries. En 2017, la soci\u00e9t\u00e9 avait repris neuf boutiques Carat de Migros, proc\u00e9dant dans la foul\u00e9e \u00e0 un regroupement sous un nouveau nom de marque \u00abCarat\u00bb et un nouveau logo. Aujourd\u2019hui, Carat compte 30 bijouteries dans toute la Suisse et en particulier en Suisse romande, avec au total 170 collaborateurs.<\/p>\n<p>Fond\u00e9e en 1948, l\u2019entreprise Juwelier Kurz appartenait au groupe Bucherer depuis 1987. Avec ce rachat, IGS AG \u00e9tend sa position dans les segments de prix moyens et sup\u00e9rieurs. La marque \u00abJuwelier Kurz\u00bb existe toujours. Les huit filiales situ\u00e9es \u00e0 Gen\u00e8ve, Berne, B\u00e2le, Lucerne, Zurich, Gen\u00e8ve-A\u00e9roport, dans le centre Emmen et dans le centre Glattzentrum sont rachet\u00e9es avec au total 130 collaborateurs. Les boutiques des centres Globus ne seront plus exploit\u00e9es. La marque Juwelier Kurz est toujours dirig\u00e9e par Doris Mancari.<\/p>\n<p>Christine Stucki, propri\u00e9taire d\u2019IGS AG, est satisfaite de ce rachat et souhaite miser int\u00e9gralement sur les qualit\u00e9s et les atouts actuels de l\u2019entreprise traditionnelle suisse. Pour Bucherer SA, cette vente doit permettre \u00e0 la soci\u00e9t\u00e9 de mieux se concentrer sur le d\u00e9veloppement de la marque Bucherer en Suisse et \u00e0 l\u2019\u00e9tranger.<\/p>\n<h5>Photo: La filiale Juwelier Kurz de la Bahnhofstrasse \u00e0 Zurich.<\/h5>\n","protected":false},"excerpt":{"rendered":"<p>La soci\u00e9t\u00e9 IGS AG sise \u00e0 Wollerau reprendra avec effet au 1er septembre la maison Juwelier Kurz de Bucherer SA.<\/p>\n<a href=\"https:\/\/www.goldor.ch\/fr\/juwelier-kurz-passe-dans-de-nouvelles-mains\/\" class=\"article-more\" title=\"mehr\">plus<\/a>","protected":false},"author":4,"featured_media":25571,"comment_status":"closed","ping_status":"closed","sticky":false,"template":"","format":"standard","meta":{"_acf_changed":false,"footnotes":""},"categories":[281],"tags":[209,1152,1150],"class_list":["post-25595","post","type-post","status-publish","format-standard","has-post-thumbnail","hentry","category-news-fr","tag-bucherer","tag-igs","tag-kurz"],"acf":[],"yoast_head":"<!-- This site is optimized with the Yoast SEO plugin v27.2 - https:\/\/yoast.com\/product\/yoast-seo-wordpress\/ -->\n<title>Juwelier Kurz passe dans de nouvelles mains - Gold&#039;Or<\/title>\n<meta name=\"robots\" content=\"index, follow, max-snippet:-1, max-image-preview:large, max-video-preview:-1\" \/>\n<link rel=\"canonical\" href=\"https:\/\/www.goldor.ch\/fr\/juwelier-kurz-passe-dans-de-nouvelles-mains\/\" \/>\n<meta property=\"og:locale\" content=\"fr_FR\" \/>\n<meta property=\"og:type\" content=\"article\" \/>\n<meta property=\"og:title\" content=\"Juwelier Kurz passe dans de nouvelles mains - Gold&#039;Or\" \/>\n<meta property=\"og:description\" content=\"La soci\u00e9t\u00e9 IGS AG sise \u00e0 Wollerau reprendra avec effet au 1er septembre la maison Juwelier Kurz de Bucherer SA.\" \/>\n<meta property=\"og:url\" content=\"https:\/\/www.goldor.ch\/fr\/juwelier-kurz-passe-dans-de-nouvelles-mains\/\" \/>\n<meta property=\"og:site_name\" content=\"Gold&#039;Or\" \/>\n<meta property=\"article:publisher\" content=\"https:\/\/www.facebook.com\/goldormagazin\/\" \/>\n<meta property=\"article:published_time\" content=\"2020-05-29T06:31:03+00:00\" \/>\n<meta property=\"article:modified_time\" content=\"2020-06-09T06:48:54+00:00\" \/>\n<meta property=\"og:image\" content=\"https:\/\/www.goldor.ch\/wp-content\/uploads\/2020\/05\/News_Kurz_WEB.jpg\" \/>\n\t<meta property=\"og:image:width\" content=\"600\" \/>\n\t<meta property=\"og:image:height\" content=\"389\" \/>\n\t<meta property=\"og:image:type\" content=\"image\/jpeg\" \/>\n<meta name=\"author\" content=\"Tanja Wenger\" \/>\n<meta name=\"twitter:card\" content=\"summary_large_image\" \/>\n<meta name=\"twitter:creator\" content=\"@Goldormagazin\" \/>\n<meta name=\"twitter:site\" content=\"@Goldormagazin\" \/>\n<meta name=\"twitter:label1\" content=\"\u00c9crit par\" \/>\n\t<meta name=\"twitter:data1\" content=\"Tanja Wenger\" \/>\n\t<meta name=\"twitter:label2\" content=\"Dur\u00e9e de lecture estim\u00e9e\" \/>\n\t<meta name=\"twitter:data2\" content=\"1 minute\" \/>\n<script type=\"application\/ld+json\" class=\"yoast-schema-graph\">{\"@context\":\"https:\/\/schema.org\",\"@graph\":[{\"@type\":\"Article\",\"@id\":\"https:\/\/www.goldor.ch\/fr\/juwelier-kurz-passe-dans-de-nouvelles-mains\/#article\",\"isPartOf\":{\"@id\":\"https:\/\/www.goldor.ch\/fr\/juwelier-kurz-passe-dans-de-nouvelles-mains\/\"},\"author\":{\"name\":\"Tanja Wenger\",\"@id\":\"https:\/\/papayawhip-lapwing-830539.hostingersite.com\/#\/schema\/person\/f7f1579f2b2e73b5403638ce91f7f249\"},\"headline\":\"Juwelier Kurz passe dans de nouvelles mains\",\"datePublished\":\"2020-05-29T06:31:03+00:00\",\"dateModified\":\"2020-06-09T06:48:54+00:00\",\"mainEntityOfPage\":{\"@id\":\"https:\/\/www.goldor.ch\/fr\/juwelier-kurz-passe-dans-de-nouvelles-mains\/\"},\"wordCount\":244,\"image\":{\"@id\":\"https:\/\/www.goldor.ch\/fr\/juwelier-kurz-passe-dans-de-nouvelles-mains\/#primaryimage\"},\"thumbnailUrl\":\"https:\/\/www.goldor.ch\/wp-content\/uploads\/2020\/05\/News_Kurz_WEB.jpg\",\"keywords\":[\"Bucherer\",\"IGS\",\"Kurz\"],\"articleSection\":[\"News\"],\"inLanguage\":\"fr-FR\"},{\"@type\":\"WebPage\",\"@id\":\"https:\/\/www.goldor.ch\/fr\/juwelier-kurz-passe-dans-de-nouvelles-mains\/\",\"url\":\"https:\/\/www.goldor.ch\/fr\/juwelier-kurz-passe-dans-de-nouvelles-mains\/\",\"name\":\"Juwelier Kurz passe dans de nouvelles mains - Gold'Or\",\"isPartOf\":{\"@id\":\"https:\/\/papayawhip-lapwing-830539.hostingersite.com\/#website\"},\"primaryImageOfPage\":{\"@id\":\"https:\/\/www.goldor.ch\/fr\/juwelier-kurz-passe-dans-de-nouvelles-mains\/#primaryimage\"},\"image\":{\"@id\":\"https:\/\/www.goldor.ch\/fr\/juwelier-kurz-passe-dans-de-nouvelles-mains\/#primaryimage\"},\"thumbnailUrl\":\"https:\/\/www.goldor.ch\/wp-content\/uploads\/2020\/05\/News_Kurz_WEB.jpg\",\"datePublished\":\"2020-05-29T06:31:03+00:00\",\"dateModified\":\"2020-06-09T06:48:54+00:00\",\"author\":{\"@id\":\"https:\/\/papayawhip-lapwing-830539.hostingersite.com\/#\/schema\/person\/f7f1579f2b2e73b5403638ce91f7f249\"},\"breadcrumb\":{\"@id\":\"https:\/\/www.goldor.ch\/fr\/juwelier-kurz-passe-dans-de-nouvelles-mains\/#breadcrumb\"},\"inLanguage\":\"fr-FR\",\"potentialAction\":[{\"@type\":\"ReadAction\",\"target\":[\"https:\/\/www.goldor.ch\/fr\/juwelier-kurz-passe-dans-de-nouvelles-mains\/\"]}]},{\"@type\":\"ImageObject\",\"inLanguage\":\"fr-FR\",\"@id\":\"https:\/\/www.goldor.ch\/fr\/juwelier-kurz-passe-dans-de-nouvelles-mains\/#primaryimage\",\"url\":\"https:\/\/www.goldor.ch\/wp-content\/uploads\/2020\/05\/News_Kurz_WEB.jpg\",\"contentUrl\":\"https:\/\/www.goldor.ch\/wp-content\/uploads\/2020\/05\/News_Kurz_WEB.jpg\",\"width\":600,\"height\":389},{\"@type\":\"BreadcrumbList\",\"@id\":\"https:\/\/www.goldor.ch\/fr\/juwelier-kurz-passe-dans-de-nouvelles-mains\/#breadcrumb\",\"itemListElement\":[{\"@type\":\"ListItem\",\"position\":1,\"name\":\"Startseite\",\"item\":\"https:\/\/papayawhip-lapwing-830539.hostingersite.com\/\"},{\"@type\":\"ListItem\",\"position\":2,\"name\":\"Juwelier Kurz passe dans de nouvelles mains\"}]},{\"@type\":\"WebSite\",\"@id\":\"https:\/\/papayawhip-lapwing-830539.hostingersite.com\/#website\",\"url\":\"https:\/\/papayawhip-lapwing-830539.hostingersite.com\/\",\"name\":\"Gold'Or\",\"description\":\"La revue professionnelle suisse de la bijouterie et de l'horlogerie\",\"potentialAction\":[{\"@type\":\"SearchAction\",\"target\":{\"@type\":\"EntryPoint\",\"urlTemplate\":\"https:\/\/papayawhip-lapwing-830539.hostingersite.com\/?s={search_term_string}\"},\"query-input\":{\"@type\":\"PropertyValueSpecification\",\"valueRequired\":true,\"valueName\":\"search_term_string\"}}],\"inLanguage\":\"fr-FR\"},{\"@type\":\"Person\",\"@id\":\"https:\/\/papayawhip-lapwing-830539.hostingersite.com\/#\/schema\/person\/f7f1579f2b2e73b5403638ce91f7f249\",\"name\":\"Tanja Wenger\",\"image\":{\"@type\":\"ImageObject\",\"inLanguage\":\"fr-FR\",\"@id\":\"https:\/\/www.goldor.ch\/wp-content\/litespeed\/avatar\/6a3d1e08d7882d227b5456e601d2bd3e.jpg?ver=1777384552\",\"url\":\"https:\/\/www.goldor.ch\/wp-content\/litespeed\/avatar\/6a3d1e08d7882d227b5456e601d2bd3e.jpg?ver=1777384552\",\"contentUrl\":\"https:\/\/www.goldor.ch\/wp-content\/litespeed\/avatar\/6a3d1e08d7882d227b5456e601d2bd3e.jpg?ver=1777384552\",\"caption\":\"Tanja Wenger\"},\"url\":\"https:\/\/www.goldor.ch\/fr\/profile\/twengergoldor-ch\/\"}]}<\/script>\n<!-- \/ Yoast SEO plugin. -->","yoast_head_json":{"title":"Juwelier Kurz passe dans de nouvelles mains - Gold'Or","robots":{"index":"index","follow":"follow","max-snippet":"max-snippet:-1","max-image-preview":"max-image-preview:large","max-video-preview":"max-video-preview:-1"},"canonical":"https:\/\/www.goldor.ch\/fr\/juwelier-kurz-passe-dans-de-nouvelles-mains\/","og_locale":"fr_FR","og_type":"article","og_title":"Juwelier Kurz passe dans de nouvelles mains - Gold'Or","og_description":"La soci\u00e9t\u00e9 IGS AG sise \u00e0 Wollerau reprendra avec effet au 1er septembre la maison Juwelier Kurz de Bucherer SA.","og_url":"https:\/\/www.goldor.ch\/fr\/juwelier-kurz-passe-dans-de-nouvelles-mains\/","og_site_name":"Gold'Or","article_publisher":"https:\/\/www.facebook.com\/goldormagazin\/","article_published_time":"2020-05-29T06:31:03+00:00","article_modified_time":"2020-06-09T06:48:54+00:00","og_image":[{"width":600,"height":389,"url":"https:\/\/www.goldor.ch\/wp-content\/uploads\/2020\/05\/News_Kurz_WEB.jpg","type":"image\/jpeg"}],"author":"Tanja Wenger","twitter_card":"summary_large_image","twitter_creator":"@Goldormagazin","twitter_site":"@Goldormagazin","twitter_misc":{"\u00c9crit par":"Tanja Wenger","Dur\u00e9e de lecture estim\u00e9e":"1 minute"},"schema":{"@context":"https:\/\/schema.org","@graph":[{"@type":"Article","@id":"https:\/\/www.goldor.ch\/fr\/juwelier-kurz-passe-dans-de-nouvelles-mains\/#article","isPartOf":{"@id":"https:\/\/www.goldor.ch\/fr\/juwelier-kurz-passe-dans-de-nouvelles-mains\/"},"author":{"name":"Tanja Wenger","@id":"https:\/\/papayawhip-lapwing-830539.hostingersite.com\/#\/schema\/person\/f7f1579f2b2e73b5403638ce91f7f249"},"headline":"Juwelier Kurz passe dans de nouvelles mains","datePublished":"2020-05-29T06:31:03+00:00","dateModified":"2020-06-09T06:48:54+00:00","mainEntityOfPage":{"@id":"https:\/\/www.goldor.ch\/fr\/juwelier-kurz-passe-dans-de-nouvelles-mains\/"},"wordCount":244,"image":{"@id":"https:\/\/www.goldor.ch\/fr\/juwelier-kurz-passe-dans-de-nouvelles-mains\/#primaryimage"},"thumbnailUrl":"https:\/\/www.goldor.ch\/wp-content\/uploads\/2020\/05\/News_Kurz_WEB.jpg","keywords":["Bucherer","IGS","Kurz"],"articleSection":["News"],"inLanguage":"fr-FR"},{"@type":"WebPage","@id":"https:\/\/www.goldor.ch\/fr\/juwelier-kurz-passe-dans-de-nouvelles-mains\/","url":"https:\/\/www.goldor.ch\/fr\/juwelier-kurz-passe-dans-de-nouvelles-mains\/","name":"Juwelier Kurz passe dans de nouvelles mains - Gold'Or","isPartOf":{"@id":"https:\/\/papayawhip-lapwing-830539.hostingersite.com\/#website"},"primaryImageOfPage":{"@id":"https:\/\/www.goldor.ch\/fr\/juwelier-kurz-passe-dans-de-nouvelles-mains\/#primaryimage"},"image":{"@id":"https:\/\/www.goldor.ch\/fr\/juwelier-kurz-passe-dans-de-nouvelles-mains\/#primaryimage"},"thumbnailUrl":"https:\/\/www.goldor.ch\/wp-content\/uploads\/2020\/05\/News_Kurz_WEB.jpg","datePublished":"2020-05-29T06:31:03+00:00","dateModified":"2020-06-09T06:48:54+00:00","author":{"@id":"https:\/\/papayawhip-lapwing-830539.hostingersite.com\/#\/schema\/person\/f7f1579f2b2e73b5403638ce91f7f249"},"breadcrumb":{"@id":"https:\/\/www.goldor.ch\/fr\/juwelier-kurz-passe-dans-de-nouvelles-mains\/#breadcrumb"},"inLanguage":"fr-FR","potentialAction":[{"@type":"ReadAction","target":["https:\/\/www.goldor.ch\/fr\/juwelier-kurz-passe-dans-de-nouvelles-mains\/"]}]},{"@type":"ImageObject","inLanguage":"fr-FR","@id":"https:\/\/www.goldor.ch\/fr\/juwelier-kurz-passe-dans-de-nouvelles-mains\/#primaryimage","url":"https:\/\/www.goldor.ch\/wp-content\/uploads\/2020\/05\/News_Kurz_WEB.jpg","contentUrl":"https:\/\/www.goldor.ch\/wp-content\/uploads\/2020\/05\/News_Kurz_WEB.jpg","width":600,"height":389},{"@type":"BreadcrumbList","@id":"https:\/\/www.goldor.ch\/fr\/juwelier-kurz-passe-dans-de-nouvelles-mains\/#breadcrumb","itemListElement":[{"@type":"ListItem","position":1,"name":"Startseite","item":"https:\/\/papayawhip-lapwing-830539.hostingersite.com\/"},{"@type":"ListItem","position":2,"name":"Juwelier Kurz passe dans de nouvelles mains"}]},{"@type":"WebSite","@id":"https:\/\/papayawhip-lapwing-830539.hostingersite.com\/#website","url":"https:\/\/papayawhip-lapwing-830539.hostingersite.com\/","name":"Gold'Or","description":"La revue professionnelle suisse de la bijouterie et de l'horlogerie","potentialAction":[{"@type":"SearchAction","target":{"@type":"EntryPoint","urlTemplate":"https:\/\/papayawhip-lapwing-830539.hostingersite.com\/?s={search_term_string}"},"query-input":{"@type":"PropertyValueSpecification","valueRequired":true,"valueName":"search_term_string"}}],"inLanguage":"fr-FR"},{"@type":"Person","@id":"https:\/\/papayawhip-lapwing-830539.hostingersite.com\/#\/schema\/person\/f7f1579f2b2e73b5403638ce91f7f249","name":"Tanja Wenger","image":{"@type":"ImageObject","inLanguage":"fr-FR","@id":"https:\/\/www.goldor.ch\/wp-content\/litespeed\/avatar\/6a3d1e08d7882d227b5456e601d2bd3e.jpg?ver=1777384552","url":"https:\/\/www.goldor.ch\/wp-content\/litespeed\/avatar\/6a3d1e08d7882d227b5456e601d2bd3e.jpg?ver=1777384552","contentUrl":"https:\/\/www.goldor.ch\/wp-content\/litespeed\/avatar\/6a3d1e08d7882d227b5456e601d2bd3e.jpg?ver=1777384552","caption":"Tanja Wenger"},"url":"https:\/\/www.goldor.ch\/fr\/profile\/twengergoldor-ch\/"}]}},"_links":{"self":[{"href":"https:\/\/www.goldor.ch\/fr\/wp-json\/wp\/v2\/posts\/25595","targetHints":{"allow":["GET"]}}],"collection":[{"href":"https:\/\/www.goldor.ch\/fr\/wp-json\/wp\/v2\/posts"}],"about":[{"href":"https:\/\/www.goldor.ch\/fr\/wp-json\/wp\/v2\/types\/post"}],"author":[{"embeddable":true,"href":"https:\/\/www.goldor.ch\/fr\/wp-json\/wp\/v2\/users\/4"}],"replies":[{"embeddable":true,"href":"https:\/\/www.goldor.ch\/fr\/wp-json\/wp\/v2\/comments?post=25595"}],"version-history":[{"count":7,"href":"https:\/\/www.goldor.ch\/fr\/wp-json\/wp\/v2\/posts\/25595\/revisions"}],"predecessor-version":[{"id":25909,"href":"https:\/\/www.goldor.ch\/fr\/wp-json\/wp\/v2\/posts\/25595\/revisions\/25909"}],"wp:featuredmedia":[{"embeddable":true,"href":"https:\/\/www.goldor.ch\/fr\/wp-json\/wp\/v2\/media\/25571"}],"wp:attachment":[{"href":"https:\/\/www.goldor.ch\/fr\/wp-json\/wp\/v2\/media?parent=25595"}],"wp:term":[{"taxonomy":"category","embeddable":true,"href":"https:\/\/www.goldor.ch\/fr\/wp-json\/wp\/v2\/categories?post=25595"},{"taxonomy":"post_tag","embeddable":true,"href":"https:\/\/www.goldor.ch\/fr\/wp-json\/wp\/v2\/tags?post=25595"}],"curies":[{"name":"wp","href":"https:\/\/api.w.org\/{rel}","templated":true}]}}