{"id":33316,"date":"2021-05-07T19:21:24","date_gmt":"2021-05-07T17:21:24","guid":{"rendered":"https:\/\/www.goldor.ch\/?p=33316"},"modified":"2021-05-07T19:21:24","modified_gmt":"2021-05-07T17:21:24","slug":"gemgeneve-en-novembre","status":"publish","type":"post","link":"https:\/\/www.goldor.ch\/fr\/gemgeneve-en-novembre\/","title":{"rendered":"GemGen\u00e8ve en novembre"},"content":{"rendered":"<p>Du jeudi 4 novembre au dimanche 7 novembre prochains, GemGen\u00e8ve ouvre les portes de sa troisi\u00e8me \u00e9dition \u00e0 Palexpo. Le rendez-vous des professionnels et des passionn\u00e9s de gemmologie et de joaillerie reste fid\u00e8le \u00e0 sa recette exclusive: imagin\u00e9 par des exposants pour des exposants et ouvert au grand public, ce salon offre une plateforme d\u2019expression unique d\u00e9di\u00e9e au monde des pierres de couleur, des diamants exceptionnels, des perles, des bijoux anciens et contemporains, des designers reconnus et des talents \u00e9mergents. Une immersion garantie dans un v\u00e9ritable laboratoire de cr\u00e9ativit\u00e9 au c\u0153ur des diff\u00e9rents m\u00e9tiers de la joaillerie. Avec un programme \u00e9ducatif de haut niveau. Sans compter la richesse des interactions humaines qu\u2019offre un salon physique comme GemGen\u00e8ve.<\/p>\n<p>GemGen\u00e8ve repr\u00e9sente un hub unique de rencontre entre cr\u00e9ateurs de bijoux, exposants, marchands de pierres pr\u00e9cieuses, d\u00e9taillants, collectionneurs, connaisseurs, acheteurs priv\u00e9s et professionnels, r\u00e9unis sous un m\u00eame toit pour partager leur passion et cr\u00e9er de l\u2019\u00e9motion. Conf\u00e9rences, ateliers, tables rondes, s\u00e9minaires et nouveaut\u00e9s seront \u00e9galement au programme de cette \u00e9dition 2021. La Preview, en pr\u00e9sence des autorit\u00e9s locales, des VIP et des m\u00e9dias, aura lieu le mercredi 3 novembre 2021.<\/p>\n<p>Cr\u00e9\u00e9 sous l\u2019impulsion de ses deux fondateurs en 2018, Thomas Faerber et Ronny Totah, GemGen\u00e8ve constitue une opportunit\u00e9 de se laisser inspirer pendant quatre jours par une communaut\u00e9 de professionnels, de cr\u00e9ateurs, de collectionneurs et de passionn\u00e9s de gemmologie et de joaillerie.<\/p>\n<p>Passion, expertise et \u00e9ducation seront, cette fois encore, r\u00e9unies au c\u0153ur de l\u2019\u00e9dition 2021 avec un programme ambitieux concoct\u00e9 par une petite \u00e9quipe engag\u00e9e, d\u00e9sireuse d\u2019offrir une exp\u00e9rience agr\u00e9able, tant \u00e0 ses exposants qu\u2019\u00e0 ses visiteurs.<\/p>\n<p><em>\u00abNous accordons autant d\u2019importance aux pierres pr\u00e9cieuses, au design de bijoux et \u00e0 la joaillerie qu\u2019\u00e0 la cr\u00e9ation d\u2019une r\u00e9elle solidarit\u00e9 unissant la communaut\u00e9 internationale de marchands de pierres pr\u00e9cieuses et de bijoux anciens, de designers et de passionn\u00e9s de joaillerie.\u00bb<\/em><br \/>\n<strong>Thomas Faerber, Co-fondateur de GemGen\u00e8ve<\/strong><\/p>\n<h3><strong>Le programme 2021<\/strong><\/h3>\n<p>Comme par le pass\u00e9, l\u2019\u00e9dition 2021 r\u00e9unira des exposants de renom. Ils \u00e9taient 210 en 2019, en provenance de plus de 20 pays, pr\u00e9sentant une grande diversit\u00e9, tant sur le plan humain que sur le plan des pi\u00e8ces expos\u00e9es. V\u00e9ritables acteurs et partenaires-cl\u00e9s de ce salon con\u00e7u et pens\u00e9 pour eux, ils proposent ensemble une impressionnante vari\u00e9t\u00e9 de pi\u00e8ces \u00e0 d\u00e9couvrir et \u00e0 acqu\u00e9rir : des bijoux abordables \u00e0 porter tous les jours, en passant par des pi\u00e8ces exceptionnelles et rares, jusqu\u2019aux gemmes anciennes et historiques, sans oublier les cr\u00e9ations contemporaines.<\/p>\n<p><em>\u00abGemGen\u00e8ve est n\u00e9 d\u2019un besoin du march\u00e9, d\u2019une opportunit\u00e9 jusque-l\u00e0 inexploit\u00e9e qui a \u00e9crit son succ\u00e8s. \u00ab La r\u00e9sonance et l\u2019accueil positifs du salon ont largement r\u00e9compens\u00e9 nos efforts. Et apr\u00e8s une ann\u00e9e d\u2019inactivit\u00e9 due \u00e0 la pand\u00e9mie en 2020, nous sommes heureux de pouvoir proposer une nouvelle \u00e9dition en 2021 et esp\u00e9rons qu\u2019elle pourra avoir lieu sous les meilleurs auspices.\u00bb<br \/>\n<\/em><strong>Ronny Totah, Co-fondateur de GemGen\u00e8ve<\/strong><\/p>\n<p>Toujours m\u00fb par la volont\u00e9 premi\u00e8re de d\u00e9fendre les int\u00e9r\u00eats des exposants venus des quatre coins du monde, GemGen\u00e8ve met tout en oeuvre pour simplifier leur venue en leur proposant notamment un stand clef en main et en leur offrant la meilleure exp\u00e9rience possible en termes d\u2019accueil, de confort et d\u2019hospitalit\u00e9.<\/p>\n<p><em>\u00a0<\/em><em>\u00abAvec GemGen\u00e8ve, nous partageons et transmettons un savoir, nous nous engageons \u00e0 faire conna\u00eetre et \u00e0 sensibiliser le public averti ou non, \u00e0 encourager les nouvelles g\u00e9n\u00e9rations \u00e0 apprendre et \u00e0 d\u00e9couvrir. Nous transmettons tout simplement notre passion pour l\u2019univers de la joaillerie et des pierres pr\u00e9cieuses.\u00bb<br \/>\n<\/em><strong>Ida Faerber &amp; Nad\u00e8ge Totah, GemGen\u00e8ve<\/strong><\/p>\n<p>Port\u00e9 par des \u00e9changes cr\u00e9atifs et des collaborations artistiques, GemGen\u00e8ve contribue en outre au d\u00e9veloppement de l\u2019industrie avec comme objectif principal de promouvoir l\u2019avenir de la joaillerie et l\u2019univers des pierres pr\u00e9cieuses en Suisse et dans le monde.<\/p>\n<p>GemGen\u00e8ve se veut un rendez-vous d\u2019inspiration qui invite \u00e0 d\u00e9couvrir de nouvelles tendances, \u00e0 mettre en lumi\u00e8re des id\u00e9es et des approches novatrices gr\u00e2ce \u00e0 l\u2019expertise de ses invit\u00e9s et personnalit\u00e9s qui animent \u00e0 tour de r\u00f4le diff\u00e9rents ateliers et conf\u00e9rences pendant toute la dur\u00e9e du salon. Conjuguer le pass\u00e9 au pr\u00e9sent et au futur, d\u00e9voiler la cr\u00e9ation sous toutes ses formes et proposer un programme \u00e9ducatif de qualit\u00e9 font partie de ses priorit\u00e9s.<\/p>\n<h3><strong>Designer Vivarium <\/strong><\/h3>\n<p>Sous la direction de Vivienne Becker, historienne de la joaillerie et auteure reconnue, le Designer Vivarium pr\u00e9sente les cr\u00e9ations d&rsquo;un groupe de bijoutiers-cr\u00e9ateurs ind\u00e9pendants venus du monde entier. Au cours des deux derni\u00e8res \u00e9ditions en 2018 et 2019, GemGen\u00e8ve a permis de lancer la carri\u00e8re de jeunes designers d\u00e9sormais bien \u00e9tablis.<\/p>\n<h3><strong>Talents Emergents <\/strong><\/h3>\n<p>V\u00e9ritable tremplin pour la nouvelle g\u00e9n\u00e9ration de cr\u00e9ateurs, GemGen\u00e8ve encourage les jeunes designers en devenir. Avec son espace \u00abEmerging Talents\u00bb d\u00e9di\u00e9 aux jeunes talents, il leur offre des espaces d&rsquo;exposition et une visibilit\u00e9 sans pr\u00e9c\u00e9dent. Ses collaborations avec diff\u00e9rentes \u00e9coles d\u2019art, de bijouterie \/ joaillerie et autres formations li\u00e9es \u00e0 ce secteur professionnel participent \u00e0 sa volont\u00e9 intrins\u00e8que de perp\u00e9tuer la passion interg\u00e9n\u00e9rationnelle.<\/p>\n<h3><strong>Conf\u00e9rences &amp; S\u00e9minaires <\/strong><\/h3>\n<p>Les conf\u00e9rences GemGen\u00e8ve offrent aux visiteurs une vision in\u00e9dite de la gemmologie et de la joaillerie en leur permettant d\u2019\u00e9changer avec des experts renomm\u00e9s dans leur domaine et d\u2019acc\u00e9der \u00e0 des connaissances d\u2019initi\u00e9s. En 2019, GemGen\u00e8ve a confirm\u00e9 son esprit pionnier et son r\u00f4le de gardien de l\u2019histoire joailli\u00e8re en organisant un cycle de tables rondes sur la provenance, l\u2019identification et la tra\u00e7abilit\u00e9 des pierres pr\u00e9cieuses en collaboration avec la Fondation pour le droit de l\u2019art, un s\u00e9minaire sur les <em>lab-grown diamonds <\/em>avec l\u2019aide des laboratoires de gemmologie les plus renomm\u00e9s, des conf\u00e9rences sur l\u2019Art Nouveau, Jean-Baptiste Tavernier, les Muses et Collectionneuses, le Rubis et bien d&rsquo;autres. V\u00e9ritable carrefour de r\u00e9flexion pour le m\u00e9tier, GemGen\u00e8ve poursuit sa mission et entend donner encore plus de voix \u00e0 l\u2019ensemble des acteurs du monde joaillier en 2021.<\/p>\n<h3><strong>Capsules digitales \u00aben direct du salon\u00bb <\/strong><\/h3>\n<p>Les partenariats avec les influenceurs seront renforc\u00e9s en 2021 afin d\u2019offrir \u00e0 un public plus large une exp\u00e9rience live gr\u00e2ce \u00e0 des capsules digitales quotidiennes \u00ab en direct du salon\u00bb.<\/p>\n","protected":false},"excerpt":{"rendered":"<p>La prochaine \u00e9dition de GemGen\u00e8ve se tiendra du 4 au 7 novembre 2021.<\/p>\n<a href=\"https:\/\/www.goldor.ch\/fr\/gemgeneve-en-novembre\/\" class=\"article-more\" title=\"mehr\">plus<\/a>","protected":false},"author":7,"featured_media":33311,"comment_status":"closed","ping_status":"closed","sticky":false,"template":"","format":"standard","meta":{"_acf_changed":false,"footnotes":""},"categories":[274],"tags":[599,600,390],"class_list":["post-33316","post","type-post","status-publish","format-standard","has-post-thumbnail","hentry","category-messen","tag-gemgeneve-fr","tag-pierres-precieuses","tag-salon-fr"],"acf":[],"yoast_head":"<!-- This site is optimized with the Yoast SEO plugin v27.2 - https:\/\/yoast.com\/product\/yoast-seo-wordpress\/ -->\n<title>GemGen\u00e8ve en novembre - Gold&#039;Or<\/title>\n<meta name=\"robots\" content=\"index, follow, max-snippet:-1, max-image-preview:large, max-video-preview:-1\" \/>\n<link rel=\"canonical\" href=\"https:\/\/www.goldor.ch\/fr\/gemgeneve-en-novembre\/\" \/>\n<meta property=\"og:locale\" content=\"fr_FR\" \/>\n<meta property=\"og:type\" content=\"article\" \/>\n<meta property=\"og:title\" content=\"GemGen\u00e8ve en novembre - Gold&#039;Or\" \/>\n<meta property=\"og:description\" content=\"La prochaine \u00e9dition de GemGen\u00e8ve se tiendra du 4 au 7 novembre 2021.\" \/>\n<meta property=\"og:url\" content=\"https:\/\/www.goldor.ch\/fr\/gemgeneve-en-novembre\/\" \/>\n<meta property=\"og:site_name\" content=\"Gold&#039;Or\" \/>\n<meta property=\"article:publisher\" content=\"https:\/\/www.facebook.com\/goldormagazin\/\" \/>\n<meta property=\"article:published_time\" content=\"2021-05-07T17:21:24+00:00\" \/>\n<meta property=\"og:image\" content=\"https:\/\/www.goldor.ch\/wp-content\/uploads\/2021\/05\/Trade_Messen_GemGeneve_CP-1-photos_GemGeneve2_@D.Fraga_.jpg\" \/>\n\t<meta property=\"og:image:width\" content=\"640\" \/>\n\t<meta property=\"og:image:height\" content=\"427\" \/>\n\t<meta property=\"og:image:type\" content=\"image\/jpeg\" \/>\n<meta name=\"author\" content=\"Marcel Weder\" \/>\n<meta name=\"twitter:card\" content=\"summary_large_image\" \/>\n<meta name=\"twitter:creator\" content=\"@Goldormagazin\" \/>\n<meta name=\"twitter:site\" content=\"@Goldormagazin\" \/>\n<meta name=\"twitter:label1\" content=\"\u00c9crit par\" \/>\n\t<meta name=\"twitter:data1\" content=\"Marcel Weder\" \/>\n\t<meta name=\"twitter:label2\" content=\"Dur\u00e9e de lecture estim\u00e9e\" \/>\n\t<meta name=\"twitter:data2\" content=\"6 minutes\" \/>\n<script type=\"application\/ld+json\" class=\"yoast-schema-graph\">{\"@context\":\"https:\/\/schema.org\",\"@graph\":[{\"@type\":\"Article\",\"@id\":\"https:\/\/www.goldor.ch\/fr\/gemgeneve-en-novembre\/#article\",\"isPartOf\":{\"@id\":\"https:\/\/www.goldor.ch\/fr\/gemgeneve-en-novembre\/\"},\"author\":{\"name\":\"Marcel Weder\",\"@id\":\"https:\/\/papayawhip-lapwing-830539.hostingersite.com\/#\/schema\/person\/8b576ec4b76c0af4ca238b50ad440c33\"},\"headline\":\"GemGen\u00e8ve en novembre\",\"datePublished\":\"2021-05-07T17:21:24+00:00\",\"mainEntityOfPage\":{\"@id\":\"https:\/\/www.goldor.ch\/fr\/gemgeneve-en-novembre\/\"},\"wordCount\":1116,\"image\":{\"@id\":\"https:\/\/www.goldor.ch\/fr\/gemgeneve-en-novembre\/#primaryimage\"},\"thumbnailUrl\":\"https:\/\/www.goldor.ch\/wp-content\/uploads\/2021\/05\/Trade_Messen_GemGeneve_CP-1-photos_GemGeneve2_@D.Fraga_.jpg\",\"keywords\":[\"GemGen\u00e8ve\",\"Pierres pr\u00e9cieuses\",\"Salon\"],\"articleSection\":[\"Messen\"],\"inLanguage\":\"fr-FR\"},{\"@type\":\"WebPage\",\"@id\":\"https:\/\/www.goldor.ch\/fr\/gemgeneve-en-novembre\/\",\"url\":\"https:\/\/www.goldor.ch\/fr\/gemgeneve-en-novembre\/\",\"name\":\"GemGen\u00e8ve en novembre - Gold'Or\",\"isPartOf\":{\"@id\":\"https:\/\/papayawhip-lapwing-830539.hostingersite.com\/#website\"},\"primaryImageOfPage\":{\"@id\":\"https:\/\/www.goldor.ch\/fr\/gemgeneve-en-novembre\/#primaryimage\"},\"image\":{\"@id\":\"https:\/\/www.goldor.ch\/fr\/gemgeneve-en-novembre\/#primaryimage\"},\"thumbnailUrl\":\"https:\/\/www.goldor.ch\/wp-content\/uploads\/2021\/05\/Trade_Messen_GemGeneve_CP-1-photos_GemGeneve2_@D.Fraga_.jpg\",\"datePublished\":\"2021-05-07T17:21:24+00:00\",\"author\":{\"@id\":\"https:\/\/papayawhip-lapwing-830539.hostingersite.com\/#\/schema\/person\/8b576ec4b76c0af4ca238b50ad440c33\"},\"breadcrumb\":{\"@id\":\"https:\/\/www.goldor.ch\/fr\/gemgeneve-en-novembre\/#breadcrumb\"},\"inLanguage\":\"fr-FR\",\"potentialAction\":[{\"@type\":\"ReadAction\",\"target\":[\"https:\/\/www.goldor.ch\/fr\/gemgeneve-en-novembre\/\"]}]},{\"@type\":\"ImageObject\",\"inLanguage\":\"fr-FR\",\"@id\":\"https:\/\/www.goldor.ch\/fr\/gemgeneve-en-novembre\/#primaryimage\",\"url\":\"https:\/\/www.goldor.ch\/wp-content\/uploads\/2021\/05\/Trade_Messen_GemGeneve_CP-1-photos_GemGeneve2_@D.Fraga_.jpg\",\"contentUrl\":\"https:\/\/www.goldor.ch\/wp-content\/uploads\/2021\/05\/Trade_Messen_GemGeneve_CP-1-photos_GemGeneve2_@D.Fraga_.jpg\",\"width\":1200,\"height\":800},{\"@type\":\"BreadcrumbList\",\"@id\":\"https:\/\/www.goldor.ch\/fr\/gemgeneve-en-novembre\/#breadcrumb\",\"itemListElement\":[{\"@type\":\"ListItem\",\"position\":1,\"name\":\"Startseite\",\"item\":\"https:\/\/papayawhip-lapwing-830539.hostingersite.com\/\"},{\"@type\":\"ListItem\",\"position\":2,\"name\":\"GemGen\u00e8ve en novembre\"}]},{\"@type\":\"WebSite\",\"@id\":\"https:\/\/papayawhip-lapwing-830539.hostingersite.com\/#website\",\"url\":\"https:\/\/papayawhip-lapwing-830539.hostingersite.com\/\",\"name\":\"Gold'Or\",\"description\":\"La revue professionnelle suisse de la bijouterie et de l'horlogerie\",\"potentialAction\":[{\"@type\":\"SearchAction\",\"target\":{\"@type\":\"EntryPoint\",\"urlTemplate\":\"https:\/\/papayawhip-lapwing-830539.hostingersite.com\/?s={search_term_string}\"},\"query-input\":{\"@type\":\"PropertyValueSpecification\",\"valueRequired\":true,\"valueName\":\"search_term_string\"}}],\"inLanguage\":\"fr-FR\"},{\"@type\":\"Person\",\"@id\":\"https:\/\/papayawhip-lapwing-830539.hostingersite.com\/#\/schema\/person\/8b576ec4b76c0af4ca238b50ad440c33\",\"name\":\"Marcel Weder\",\"image\":{\"@type\":\"ImageObject\",\"inLanguage\":\"fr-FR\",\"@id\":\"https:\/\/www.goldor.ch\/wp-content\/litespeed\/avatar\/a98a32acea99158017222c59d82a463b.jpg?ver=1777383596\",\"url\":\"https:\/\/www.goldor.ch\/wp-content\/litespeed\/avatar\/a98a32acea99158017222c59d82a463b.jpg?ver=1777383596\",\"contentUrl\":\"https:\/\/www.goldor.ch\/wp-content\/litespeed\/avatar\/a98a32acea99158017222c59d82a463b.jpg?ver=1777383596\",\"caption\":\"Marcel Weder\"},\"sameAs\":[\"http:\/\/goldor.ch\"],\"url\":\"https:\/\/www.goldor.ch\/fr\/profile\/mwedergoldor-ch\/\"}]}<\/script>\n<!-- \/ Yoast SEO plugin. -->","yoast_head_json":{"title":"GemGen\u00e8ve en novembre - Gold'Or","robots":{"index":"index","follow":"follow","max-snippet":"max-snippet:-1","max-image-preview":"max-image-preview:large","max-video-preview":"max-video-preview:-1"},"canonical":"https:\/\/www.goldor.ch\/fr\/gemgeneve-en-novembre\/","og_locale":"fr_FR","og_type":"article","og_title":"GemGen\u00e8ve en novembre - Gold'Or","og_description":"La prochaine \u00e9dition de GemGen\u00e8ve se tiendra du 4 au 7 novembre 2021.","og_url":"https:\/\/www.goldor.ch\/fr\/gemgeneve-en-novembre\/","og_site_name":"Gold'Or","article_publisher":"https:\/\/www.facebook.com\/goldormagazin\/","article_published_time":"2021-05-07T17:21:24+00:00","og_image":[{"url":"https:\/\/www.goldor.ch\/wp-content\/uploads\/2021\/05\/Trade_Messen_GemGeneve_CP-1-photos_GemGeneve2_@D.Fraga_.jpg","width":640,"height":427,"type":"image\/jpeg"}],"author":"Marcel Weder","twitter_card":"summary_large_image","twitter_creator":"@Goldormagazin","twitter_site":"@Goldormagazin","twitter_misc":{"\u00c9crit par":"Marcel Weder","Dur\u00e9e de lecture estim\u00e9e":"6 minutes"},"schema":{"@context":"https:\/\/schema.org","@graph":[{"@type":"Article","@id":"https:\/\/www.goldor.ch\/fr\/gemgeneve-en-novembre\/#article","isPartOf":{"@id":"https:\/\/www.goldor.ch\/fr\/gemgeneve-en-novembre\/"},"author":{"name":"Marcel Weder","@id":"https:\/\/papayawhip-lapwing-830539.hostingersite.com\/#\/schema\/person\/8b576ec4b76c0af4ca238b50ad440c33"},"headline":"GemGen\u00e8ve en novembre","datePublished":"2021-05-07T17:21:24+00:00","mainEntityOfPage":{"@id":"https:\/\/www.goldor.ch\/fr\/gemgeneve-en-novembre\/"},"wordCount":1116,"image":{"@id":"https:\/\/www.goldor.ch\/fr\/gemgeneve-en-novembre\/#primaryimage"},"thumbnailUrl":"https:\/\/www.goldor.ch\/wp-content\/uploads\/2021\/05\/Trade_Messen_GemGeneve_CP-1-photos_GemGeneve2_@D.Fraga_.jpg","keywords":["GemGen\u00e8ve","Pierres pr\u00e9cieuses","Salon"],"articleSection":["Messen"],"inLanguage":"fr-FR"},{"@type":"WebPage","@id":"https:\/\/www.goldor.ch\/fr\/gemgeneve-en-novembre\/","url":"https:\/\/www.goldor.ch\/fr\/gemgeneve-en-novembre\/","name":"GemGen\u00e8ve en novembre - Gold'Or","isPartOf":{"@id":"https:\/\/papayawhip-lapwing-830539.hostingersite.com\/#website"},"primaryImageOfPage":{"@id":"https:\/\/www.goldor.ch\/fr\/gemgeneve-en-novembre\/#primaryimage"},"image":{"@id":"https:\/\/www.goldor.ch\/fr\/gemgeneve-en-novembre\/#primaryimage"},"thumbnailUrl":"https:\/\/www.goldor.ch\/wp-content\/uploads\/2021\/05\/Trade_Messen_GemGeneve_CP-1-photos_GemGeneve2_@D.Fraga_.jpg","datePublished":"2021-05-07T17:21:24+00:00","author":{"@id":"https:\/\/papayawhip-lapwing-830539.hostingersite.com\/#\/schema\/person\/8b576ec4b76c0af4ca238b50ad440c33"},"breadcrumb":{"@id":"https:\/\/www.goldor.ch\/fr\/gemgeneve-en-novembre\/#breadcrumb"},"inLanguage":"fr-FR","potentialAction":[{"@type":"ReadAction","target":["https:\/\/www.goldor.ch\/fr\/gemgeneve-en-novembre\/"]}]},{"@type":"ImageObject","inLanguage":"fr-FR","@id":"https:\/\/www.goldor.ch\/fr\/gemgeneve-en-novembre\/#primaryimage","url":"https:\/\/www.goldor.ch\/wp-content\/uploads\/2021\/05\/Trade_Messen_GemGeneve_CP-1-photos_GemGeneve2_@D.Fraga_.jpg","contentUrl":"https:\/\/www.goldor.ch\/wp-content\/uploads\/2021\/05\/Trade_Messen_GemGeneve_CP-1-photos_GemGeneve2_@D.Fraga_.jpg","width":1200,"height":800},{"@type":"BreadcrumbList","@id":"https:\/\/www.goldor.ch\/fr\/gemgeneve-en-novembre\/#breadcrumb","itemListElement":[{"@type":"ListItem","position":1,"name":"Startseite","item":"https:\/\/papayawhip-lapwing-830539.hostingersite.com\/"},{"@type":"ListItem","position":2,"name":"GemGen\u00e8ve en novembre"}]},{"@type":"WebSite","@id":"https:\/\/papayawhip-lapwing-830539.hostingersite.com\/#website","url":"https:\/\/papayawhip-lapwing-830539.hostingersite.com\/","name":"Gold'Or","description":"La revue professionnelle suisse de la bijouterie et de l'horlogerie","potentialAction":[{"@type":"SearchAction","target":{"@type":"EntryPoint","urlTemplate":"https:\/\/papayawhip-lapwing-830539.hostingersite.com\/?s={search_term_string}"},"query-input":{"@type":"PropertyValueSpecification","valueRequired":true,"valueName":"search_term_string"}}],"inLanguage":"fr-FR"},{"@type":"Person","@id":"https:\/\/papayawhip-lapwing-830539.hostingersite.com\/#\/schema\/person\/8b576ec4b76c0af4ca238b50ad440c33","name":"Marcel Weder","image":{"@type":"ImageObject","inLanguage":"fr-FR","@id":"https:\/\/www.goldor.ch\/wp-content\/litespeed\/avatar\/a98a32acea99158017222c59d82a463b.jpg?ver=1777383596","url":"https:\/\/www.goldor.ch\/wp-content\/litespeed\/avatar\/a98a32acea99158017222c59d82a463b.jpg?ver=1777383596","contentUrl":"https:\/\/www.goldor.ch\/wp-content\/litespeed\/avatar\/a98a32acea99158017222c59d82a463b.jpg?ver=1777383596","caption":"Marcel Weder"},"sameAs":["http:\/\/goldor.ch"],"url":"https:\/\/www.goldor.ch\/fr\/profile\/mwedergoldor-ch\/"}]}},"_links":{"self":[{"href":"https:\/\/www.goldor.ch\/fr\/wp-json\/wp\/v2\/posts\/33316","targetHints":{"allow":["GET"]}}],"collection":[{"href":"https:\/\/www.goldor.ch\/fr\/wp-json\/wp\/v2\/posts"}],"about":[{"href":"https:\/\/www.goldor.ch\/fr\/wp-json\/wp\/v2\/types\/post"}],"author":[{"embeddable":true,"href":"https:\/\/www.goldor.ch\/fr\/wp-json\/wp\/v2\/users\/7"}],"replies":[{"embeddable":true,"href":"https:\/\/www.goldor.ch\/fr\/wp-json\/wp\/v2\/comments?post=33316"}],"version-history":[{"count":1,"href":"https:\/\/www.goldor.ch\/fr\/wp-json\/wp\/v2\/posts\/33316\/revisions"}],"predecessor-version":[{"id":33317,"href":"https:\/\/www.goldor.ch\/fr\/wp-json\/wp\/v2\/posts\/33316\/revisions\/33317"}],"wp:featuredmedia":[{"embeddable":true,"href":"https:\/\/www.goldor.ch\/fr\/wp-json\/wp\/v2\/media\/33311"}],"wp:attachment":[{"href":"https:\/\/www.goldor.ch\/fr\/wp-json\/wp\/v2\/media?parent=33316"}],"wp:term":[{"taxonomy":"category","embeddable":true,"href":"https:\/\/www.goldor.ch\/fr\/wp-json\/wp\/v2\/categories?post=33316"},{"taxonomy":"post_tag","embeddable":true,"href":"https:\/\/www.goldor.ch\/fr\/wp-json\/wp\/v2\/tags?post=33316"}],"curies":[{"name":"wp","href":"https:\/\/api.w.org\/{rel}","templated":true}]}}