{"id":36080,"date":"2021-09-09T16:24:16","date_gmt":"2021-09-09T14:24:16","guid":{"rendered":"https:\/\/www.goldor.ch\/?p=36080"},"modified":"2021-09-09T21:55:13","modified_gmt":"2021-09-09T19:55:13","slug":"ouverture-a-vicence","status":"publish","type":"post","link":"https:\/\/www.goldor.ch\/fr\/ouverture-a-vicence\/","title":{"rendered":"Ouverture \u00e0 Vicence"},"content":{"rendered":"<p>Le vendredi 10 septembre, le salon de la bijouterie Vicenzaro ouvre ses portes (jusqu&rsquo;au 14 septembre). Apr\u00e8s une longue p\u00e9riode sans salons, les attentes de l&rsquo;industrie sont particuli\u00e8rement \u00e9lev\u00e9es. Plus de 800 exposants seront pr\u00e9sents au Centre d&rsquo;exposition de Vicence. Outre le secteur italien de la bijouterie, la part des exposants internationaux est de 30 pour cent. La liste des exposants illustres est longue, avec des noms tels que le groupe Damiani, Roberto Coin, Fope, Crivelli ou Faberg\u00e9, pour n&rsquo;en citer que quelques-uns. Dans le m\u00eame temps, le secteur italien de la bijouterie peut se r\u00e9jouir d&rsquo;un premier semestre r\u00e9ussi. Les exportations italiennes de bijoux en or ont augment\u00e9 de 2,8 % au cours des cinq premiers mois de 2021 (par rapport \u00e0 2019 &#8211; par rapport \u00e0 2020, l&rsquo;augmentation a \u00e9t\u00e9 de 86 %).<\/p>\n<p>Les visiteurs peuvent \u00e9galement s&rsquo;attendre \u00e0 un riche programme de pr\u00e9sentations et de tables rondes. Il s&rsquo;ouvrira le vendredi par une table ronde intitul\u00e9e \u00ab\u00a0The State of the Art\u00a0\u00bb, \u00e0 laquelle participeront J\u00e9r\u00f4me Favier (PDG du groupe Damiani), Stephen Lussier (groupe De Beers), Nicol\u00f2 Rapone (Bulgari) et Massimo Facoli (PDG de Fasoli Spa). Parmi les autres points forts, citons la pr\u00e9sentation de \u00ab\u00a0The Jewellery Trendbook 2023+\u00a0\u00bb, \u00ab\u00a0Sustainable Development Goals\u00a0\u00bb: Meeting Their Challenge\u00a0\u00bb, organis\u00e9 par la CIBJO, ou encore les panels \u00ab\u00a0Gemmology Women Icons\u00a0\u00bb et \u00ab\u00a0Women in Jewellery\u00a0\u00bb.<\/p>\n<p>De nombreuses conf\u00e9rences et \u00e9v\u00e9nements en direct sont \u00e9galement au programme dans le secteur de l&rsquo;horlogerie. Parmi elles, un atelier organis\u00e9 par la Fondation de la Haute Horlogerie (FHH), bas\u00e9e \u00e0 Gen\u00e8ve. Le ma\u00eetre horloger de Morges, Vincent Calabrese, qui est \u00e9galement membre de l&rsquo;AHCI, pr\u00e9sentera \u00e9galement un nouveau\u00a0<span class=\"Y2IQFc\" lang=\"fr\">syst\u00e8me de ressort en spirale qui s&rsquo;appelle Calasys.\u00a0<\/span>La pr\u00e9sentation aura lieu le samedi (11.9.) \u00e0 14h30 dans le hall 8.1, dans la salle Canova.<\/p>\n<h3>Horloge VO&rsquo; et VO Vintage<\/h3>\n<p>Un total de 23 marques seront pr\u00e9sentes dans le segment des montres avec des marques dans le secteur du quartz ainsi que dans le secteur m\u00e9canique. Parmi les exposants figurent des noms tels que Meccaniche Veloci, Cyrus, Corum, Victorinox, Meistersinger et Junghans.<\/p>\n<p>VO Vintage se tiendra \u00e9galement en parall\u00e8le, avec diff\u00e9rents acteurs renomm\u00e9s du secteur Certified Preowned Watches. Cette partie du salon se d\u00e9roulera du 11 au 13 septembre.<\/p>\n<h3><strong>Inscription en ligne requise<\/strong><\/h3>\n<p>Les visiteurs sont invit\u00e9s \u00e0 <a href=\"https:\/\/visits.vicenzaoro.com\/reserved-area?_ga=2.121921678.408384000.1631192498-110949447.1631192498en\">s&rsquo;inscrire en avance en ligne.<\/a>\u00a0Les inscriptions sur place ne sont pas possibles.<\/p>\n<p>Toutes les informations sur le salon ainsi que l&rsquo;ensemble du programme d&rsquo;accompagnement sont disponibles sur <a href=\"http:\/\/www.vicenzaoro.com\">www.vicenzaoro.com<\/a>.<\/p>\n","protected":false},"excerpt":{"rendered":"<p>Le salon de la bijouterie Vicenzaoro ouvre ses portes du 10 au 14 septembre.<\/p>\n<a href=\"https:\/\/www.goldor.ch\/fr\/ouverture-a-vicence\/\" class=\"article-more\" title=\"mehr\">plus<\/a>","protected":false},"author":7,"featured_media":36088,"comment_status":"closed","ping_status":"closed","sticky":false,"template":"","format":"standard","meta":{"_acf_changed":false,"footnotes":""},"categories":[281],"tags":[],"class_list":["post-36080","post","type-post","status-publish","format-standard","has-post-thumbnail","hentry","category-news-fr"],"acf":[],"yoast_head":"<!-- This site is optimized with the Yoast SEO plugin v27.2 - https:\/\/yoast.com\/product\/yoast-seo-wordpress\/ -->\n<title>Ouverture \u00e0 Vicence - Gold&#039;Or<\/title>\n<meta name=\"robots\" content=\"index, follow, max-snippet:-1, max-image-preview:large, max-video-preview:-1\" \/>\n<link rel=\"canonical\" href=\"https:\/\/www.goldor.ch\/fr\/ouverture-a-vicence\/\" \/>\n<meta property=\"og:locale\" content=\"fr_FR\" \/>\n<meta property=\"og:type\" content=\"article\" \/>\n<meta property=\"og:title\" content=\"Ouverture \u00e0 Vicence - Gold&#039;Or\" \/>\n<meta property=\"og:description\" content=\"Le salon de la bijouterie Vicenzaoro ouvre ses portes du 10 au 14 septembre.\" \/>\n<meta property=\"og:url\" content=\"https:\/\/www.goldor.ch\/fr\/ouverture-a-vicence\/\" \/>\n<meta property=\"og:site_name\" content=\"Gold&#039;Or\" \/>\n<meta property=\"article:publisher\" content=\"https:\/\/www.facebook.com\/goldormagazin\/\" \/>\n<meta property=\"article:published_time\" content=\"2021-09-09T14:24:16+00:00\" \/>\n<meta property=\"article:modified_time\" content=\"2021-09-09T19:55:13+00:00\" \/>\n<meta property=\"og:image\" content=\"https:\/\/www.goldor.ch\/wp-content\/uploads\/2021\/09\/2021-09-09-vicenza-oro.jpg\" \/>\n\t<meta property=\"og:image:width\" content=\"1200\" \/>\n\t<meta property=\"og:image:height\" content=\"800\" \/>\n\t<meta property=\"og:image:type\" content=\"image\/jpeg\" \/>\n<meta name=\"author\" content=\"Marcel Weder\" \/>\n<meta name=\"twitter:card\" content=\"summary_large_image\" \/>\n<meta name=\"twitter:creator\" content=\"@Goldormagazin\" \/>\n<meta name=\"twitter:site\" content=\"@Goldormagazin\" \/>\n<meta name=\"twitter:label1\" content=\"\u00c9crit par\" \/>\n\t<meta name=\"twitter:data1\" content=\"Marcel Weder\" \/>\n\t<meta name=\"twitter:label2\" content=\"Dur\u00e9e de lecture estim\u00e9e\" \/>\n\t<meta name=\"twitter:data2\" content=\"2 minutes\" \/>\n<script type=\"application\/ld+json\" class=\"yoast-schema-graph\">{\"@context\":\"https:\/\/schema.org\",\"@graph\":[{\"@type\":\"Article\",\"@id\":\"https:\/\/www.goldor.ch\/fr\/ouverture-a-vicence\/#article\",\"isPartOf\":{\"@id\":\"https:\/\/www.goldor.ch\/fr\/ouverture-a-vicence\/\"},\"author\":{\"name\":\"Marcel Weder\",\"@id\":\"https:\/\/papayawhip-lapwing-830539.hostingersite.com\/#\/schema\/person\/8b576ec4b76c0af4ca238b50ad440c33\"},\"headline\":\"Ouverture \u00e0 Vicence\",\"datePublished\":\"2021-09-09T14:24:16+00:00\",\"dateModified\":\"2021-09-09T19:55:13+00:00\",\"mainEntityOfPage\":{\"@id\":\"https:\/\/www.goldor.ch\/fr\/ouverture-a-vicence\/\"},\"wordCount\":430,\"image\":{\"@id\":\"https:\/\/www.goldor.ch\/fr\/ouverture-a-vicence\/#primaryimage\"},\"thumbnailUrl\":\"https:\/\/www.goldor.ch\/wp-content\/uploads\/2021\/09\/2021-09-09-vicenza-oro.jpg\",\"articleSection\":[\"News\"],\"inLanguage\":\"fr-FR\"},{\"@type\":\"WebPage\",\"@id\":\"https:\/\/www.goldor.ch\/fr\/ouverture-a-vicence\/\",\"url\":\"https:\/\/www.goldor.ch\/fr\/ouverture-a-vicence\/\",\"name\":\"Ouverture \u00e0 Vicence - Gold'Or\",\"isPartOf\":{\"@id\":\"https:\/\/papayawhip-lapwing-830539.hostingersite.com\/#website\"},\"primaryImageOfPage\":{\"@id\":\"https:\/\/www.goldor.ch\/fr\/ouverture-a-vicence\/#primaryimage\"},\"image\":{\"@id\":\"https:\/\/www.goldor.ch\/fr\/ouverture-a-vicence\/#primaryimage\"},\"thumbnailUrl\":\"https:\/\/www.goldor.ch\/wp-content\/uploads\/2021\/09\/2021-09-09-vicenza-oro.jpg\",\"datePublished\":\"2021-09-09T14:24:16+00:00\",\"dateModified\":\"2021-09-09T19:55:13+00:00\",\"author\":{\"@id\":\"https:\/\/papayawhip-lapwing-830539.hostingersite.com\/#\/schema\/person\/8b576ec4b76c0af4ca238b50ad440c33\"},\"breadcrumb\":{\"@id\":\"https:\/\/www.goldor.ch\/fr\/ouverture-a-vicence\/#breadcrumb\"},\"inLanguage\":\"fr-FR\",\"potentialAction\":[{\"@type\":\"ReadAction\",\"target\":[\"https:\/\/www.goldor.ch\/fr\/ouverture-a-vicence\/\"]}]},{\"@type\":\"ImageObject\",\"inLanguage\":\"fr-FR\",\"@id\":\"https:\/\/www.goldor.ch\/fr\/ouverture-a-vicence\/#primaryimage\",\"url\":\"https:\/\/www.goldor.ch\/wp-content\/uploads\/2021\/09\/2021-09-09-vicenza-oro.jpg\",\"contentUrl\":\"https:\/\/www.goldor.ch\/wp-content\/uploads\/2021\/09\/2021-09-09-vicenza-oro.jpg\",\"width\":1200,\"height\":800},{\"@type\":\"BreadcrumbList\",\"@id\":\"https:\/\/www.goldor.ch\/fr\/ouverture-a-vicence\/#breadcrumb\",\"itemListElement\":[{\"@type\":\"ListItem\",\"position\":1,\"name\":\"Startseite\",\"item\":\"https:\/\/papayawhip-lapwing-830539.hostingersite.com\/\"},{\"@type\":\"ListItem\",\"position\":2,\"name\":\"Ouverture \u00e0 Vicence\"}]},{\"@type\":\"WebSite\",\"@id\":\"https:\/\/papayawhip-lapwing-830539.hostingersite.com\/#website\",\"url\":\"https:\/\/papayawhip-lapwing-830539.hostingersite.com\/\",\"name\":\"Gold'Or\",\"description\":\"La revue professionnelle suisse de la bijouterie et de l'horlogerie\",\"potentialAction\":[{\"@type\":\"SearchAction\",\"target\":{\"@type\":\"EntryPoint\",\"urlTemplate\":\"https:\/\/papayawhip-lapwing-830539.hostingersite.com\/?s={search_term_string}\"},\"query-input\":{\"@type\":\"PropertyValueSpecification\",\"valueRequired\":true,\"valueName\":\"search_term_string\"}}],\"inLanguage\":\"fr-FR\"},{\"@type\":\"Person\",\"@id\":\"https:\/\/papayawhip-lapwing-830539.hostingersite.com\/#\/schema\/person\/8b576ec4b76c0af4ca238b50ad440c33\",\"name\":\"Marcel Weder\",\"image\":{\"@type\":\"ImageObject\",\"inLanguage\":\"fr-FR\",\"@id\":\"https:\/\/www.goldor.ch\/wp-content\/litespeed\/avatar\/a98a32acea99158017222c59d82a463b.jpg?ver=1777383596\",\"url\":\"https:\/\/www.goldor.ch\/wp-content\/litespeed\/avatar\/a98a32acea99158017222c59d82a463b.jpg?ver=1777383596\",\"contentUrl\":\"https:\/\/www.goldor.ch\/wp-content\/litespeed\/avatar\/a98a32acea99158017222c59d82a463b.jpg?ver=1777383596\",\"caption\":\"Marcel Weder\"},\"sameAs\":[\"http:\/\/goldor.ch\"],\"url\":\"https:\/\/www.goldor.ch\/fr\/profile\/mwedergoldor-ch\/\"}]}<\/script>\n<!-- \/ Yoast SEO plugin. -->","yoast_head_json":{"title":"Ouverture \u00e0 Vicence - Gold'Or","robots":{"index":"index","follow":"follow","max-snippet":"max-snippet:-1","max-image-preview":"max-image-preview:large","max-video-preview":"max-video-preview:-1"},"canonical":"https:\/\/www.goldor.ch\/fr\/ouverture-a-vicence\/","og_locale":"fr_FR","og_type":"article","og_title":"Ouverture \u00e0 Vicence - Gold'Or","og_description":"Le salon de la bijouterie Vicenzaoro ouvre ses portes du 10 au 14 septembre.","og_url":"https:\/\/www.goldor.ch\/fr\/ouverture-a-vicence\/","og_site_name":"Gold'Or","article_publisher":"https:\/\/www.facebook.com\/goldormagazin\/","article_published_time":"2021-09-09T14:24:16+00:00","article_modified_time":"2021-09-09T19:55:13+00:00","og_image":[{"width":1200,"height":800,"url":"https:\/\/www.goldor.ch\/wp-content\/uploads\/2021\/09\/2021-09-09-vicenza-oro.jpg","type":"image\/jpeg"}],"author":"Marcel Weder","twitter_card":"summary_large_image","twitter_creator":"@Goldormagazin","twitter_site":"@Goldormagazin","twitter_misc":{"\u00c9crit par":"Marcel Weder","Dur\u00e9e de lecture estim\u00e9e":"2 minutes"},"schema":{"@context":"https:\/\/schema.org","@graph":[{"@type":"Article","@id":"https:\/\/www.goldor.ch\/fr\/ouverture-a-vicence\/#article","isPartOf":{"@id":"https:\/\/www.goldor.ch\/fr\/ouverture-a-vicence\/"},"author":{"name":"Marcel Weder","@id":"https:\/\/papayawhip-lapwing-830539.hostingersite.com\/#\/schema\/person\/8b576ec4b76c0af4ca238b50ad440c33"},"headline":"Ouverture \u00e0 Vicence","datePublished":"2021-09-09T14:24:16+00:00","dateModified":"2021-09-09T19:55:13+00:00","mainEntityOfPage":{"@id":"https:\/\/www.goldor.ch\/fr\/ouverture-a-vicence\/"},"wordCount":430,"image":{"@id":"https:\/\/www.goldor.ch\/fr\/ouverture-a-vicence\/#primaryimage"},"thumbnailUrl":"https:\/\/www.goldor.ch\/wp-content\/uploads\/2021\/09\/2021-09-09-vicenza-oro.jpg","articleSection":["News"],"inLanguage":"fr-FR"},{"@type":"WebPage","@id":"https:\/\/www.goldor.ch\/fr\/ouverture-a-vicence\/","url":"https:\/\/www.goldor.ch\/fr\/ouverture-a-vicence\/","name":"Ouverture \u00e0 Vicence - Gold'Or","isPartOf":{"@id":"https:\/\/papayawhip-lapwing-830539.hostingersite.com\/#website"},"primaryImageOfPage":{"@id":"https:\/\/www.goldor.ch\/fr\/ouverture-a-vicence\/#primaryimage"},"image":{"@id":"https:\/\/www.goldor.ch\/fr\/ouverture-a-vicence\/#primaryimage"},"thumbnailUrl":"https:\/\/www.goldor.ch\/wp-content\/uploads\/2021\/09\/2021-09-09-vicenza-oro.jpg","datePublished":"2021-09-09T14:24:16+00:00","dateModified":"2021-09-09T19:55:13+00:00","author":{"@id":"https:\/\/papayawhip-lapwing-830539.hostingersite.com\/#\/schema\/person\/8b576ec4b76c0af4ca238b50ad440c33"},"breadcrumb":{"@id":"https:\/\/www.goldor.ch\/fr\/ouverture-a-vicence\/#breadcrumb"},"inLanguage":"fr-FR","potentialAction":[{"@type":"ReadAction","target":["https:\/\/www.goldor.ch\/fr\/ouverture-a-vicence\/"]}]},{"@type":"ImageObject","inLanguage":"fr-FR","@id":"https:\/\/www.goldor.ch\/fr\/ouverture-a-vicence\/#primaryimage","url":"https:\/\/www.goldor.ch\/wp-content\/uploads\/2021\/09\/2021-09-09-vicenza-oro.jpg","contentUrl":"https:\/\/www.goldor.ch\/wp-content\/uploads\/2021\/09\/2021-09-09-vicenza-oro.jpg","width":1200,"height":800},{"@type":"BreadcrumbList","@id":"https:\/\/www.goldor.ch\/fr\/ouverture-a-vicence\/#breadcrumb","itemListElement":[{"@type":"ListItem","position":1,"name":"Startseite","item":"https:\/\/papayawhip-lapwing-830539.hostingersite.com\/"},{"@type":"ListItem","position":2,"name":"Ouverture \u00e0 Vicence"}]},{"@type":"WebSite","@id":"https:\/\/papayawhip-lapwing-830539.hostingersite.com\/#website","url":"https:\/\/papayawhip-lapwing-830539.hostingersite.com\/","name":"Gold'Or","description":"La revue professionnelle suisse de la bijouterie et de l'horlogerie","potentialAction":[{"@type":"SearchAction","target":{"@type":"EntryPoint","urlTemplate":"https:\/\/papayawhip-lapwing-830539.hostingersite.com\/?s={search_term_string}"},"query-input":{"@type":"PropertyValueSpecification","valueRequired":true,"valueName":"search_term_string"}}],"inLanguage":"fr-FR"},{"@type":"Person","@id":"https:\/\/papayawhip-lapwing-830539.hostingersite.com\/#\/schema\/person\/8b576ec4b76c0af4ca238b50ad440c33","name":"Marcel Weder","image":{"@type":"ImageObject","inLanguage":"fr-FR","@id":"https:\/\/www.goldor.ch\/wp-content\/litespeed\/avatar\/a98a32acea99158017222c59d82a463b.jpg?ver=1777383596","url":"https:\/\/www.goldor.ch\/wp-content\/litespeed\/avatar\/a98a32acea99158017222c59d82a463b.jpg?ver=1777383596","contentUrl":"https:\/\/www.goldor.ch\/wp-content\/litespeed\/avatar\/a98a32acea99158017222c59d82a463b.jpg?ver=1777383596","caption":"Marcel Weder"},"sameAs":["http:\/\/goldor.ch"],"url":"https:\/\/www.goldor.ch\/fr\/profile\/mwedergoldor-ch\/"}]}},"_links":{"self":[{"href":"https:\/\/www.goldor.ch\/fr\/wp-json\/wp\/v2\/posts\/36080","targetHints":{"allow":["GET"]}}],"collection":[{"href":"https:\/\/www.goldor.ch\/fr\/wp-json\/wp\/v2\/posts"}],"about":[{"href":"https:\/\/www.goldor.ch\/fr\/wp-json\/wp\/v2\/types\/post"}],"author":[{"embeddable":true,"href":"https:\/\/www.goldor.ch\/fr\/wp-json\/wp\/v2\/users\/7"}],"replies":[{"embeddable":true,"href":"https:\/\/www.goldor.ch\/fr\/wp-json\/wp\/v2\/comments?post=36080"}],"version-history":[{"count":7,"href":"https:\/\/www.goldor.ch\/fr\/wp-json\/wp\/v2\/posts\/36080\/revisions"}],"predecessor-version":[{"id":36092,"href":"https:\/\/www.goldor.ch\/fr\/wp-json\/wp\/v2\/posts\/36080\/revisions\/36092"}],"wp:featuredmedia":[{"embeddable":true,"href":"https:\/\/www.goldor.ch\/fr\/wp-json\/wp\/v2\/media\/36088"}],"wp:attachment":[{"href":"https:\/\/www.goldor.ch\/fr\/wp-json\/wp\/v2\/media?parent=36080"}],"wp:term":[{"taxonomy":"category","embeddable":true,"href":"https:\/\/www.goldor.ch\/fr\/wp-json\/wp\/v2\/categories?post=36080"},{"taxonomy":"post_tag","embeddable":true,"href":"https:\/\/www.goldor.ch\/fr\/wp-json\/wp\/v2\/tags?post=36080"}],"curies":[{"name":"wp","href":"https:\/\/api.w.org\/{rel}","templated":true}]}}