{"id":62754,"date":"2024-10-01T08:31:06","date_gmt":"2024-10-01T06:31:06","guid":{"rendered":"https:\/\/www.goldor.ch\/?p=62754"},"modified":"2024-09-26T14:49:56","modified_gmt":"2024-09-26T12:49:56","slug":"la-chronometrie-kaenel-fete-ses-70-ans","status":"publish","type":"post","link":"https:\/\/www.goldor.ch\/fr\/la-chronometrie-kaenel-fete-ses-70-ans\/","title":{"rendered":"La Chronom\u00e9trie Kaenel f\u00eate ses 70 ans"},"content":{"rendered":"<p>Elles ne sont plus si nombreuses, de nos jours, les bijouteries ind\u00e9pendantes qui peuvent f\u00eater un si bel anniversaire. En 1954, Pierre et Ginette Kaenel, lui horloger, elle dans les fournitures, s\u2019installent dans une premi\u00e8re boutique. En 1962, ils d\u00e9m\u00e9nagent dans d\u2019anciens locaux de la BCV et deviennent L\u2019horlogerie de Villars-sur-Ollon. Le 1er janvier 1996, Pierre-Francis, le \u00abfils qui n\u2019est pas horloger\u00bb mais a beaucoup bourlingu\u00e9 apr\u00e8s son dipl\u00f4me de l\u2019\u00c9cole H\u00f4teli\u00e8re de Lausanne, du Beau-Rivage Lausanne aux plus grands palaces d\u2019Asie, reprend le flambeau. Il fait entrer<br \/>\nla boutique dans le XXIe si\u00e8cle, transforme enti\u00e8rement les locaux, choisit ses marques avec soin et introduit la joaillerie dans une offre jusqu\u2019\u00e0 pr\u00e9sent totalement horlog\u00e8re. Avec sa culture internationale, le nouveau directeur sait accueillir les habitu\u00e9s saisonniers comme la client\u00e8le locale, fid\u00e8le parfois depuis plusieurs g\u00e9n\u00e9rations. C\u2019est le succ\u00e8s et, malgr\u00e9 les al\u00e9as climatiques, les nombreux travaux qui ont modifi\u00e9 la station de montagne et l\u2019\u00e9volution g\u00e9n\u00e9rale du commerce, l\u2019enseigne est p\u00e9rennis\u00e9e. La boutique propose une offre compl\u00e8te, parfois atypique et coup-de coeur. Heureux anniversaire \u00e0 Pierre-Francis Kaenel, ses collaborateurs et sa famille! And many, many more\u2026 cdv<\/p>\n<p><a href=\"http:\/\/www.kaenel-villars.ch\">www.kaenel-villars.ch<\/a><\/p>\n","protected":false},"excerpt":{"rendered":"<p>Elles ne sont plus si nombreuses, de nos jours, les bijouteries ind\u00e9pendantes qui peuvent f\u00eater un si bel anniversaire. En&#8239;.&#8239;.&#8239;.<\/p>\n<a href=\"https:\/\/www.goldor.ch\/fr\/la-chronometrie-kaenel-fete-ses-70-ans\/\" class=\"article-more\" title=\"mehr\">plus<\/a>","protected":false},"author":10,"featured_media":62756,"comment_status":"closed","ping_status":"closed","sticky":false,"template":"","format":"standard","meta":{"_acf_changed":false,"footnotes":""},"categories":[281],"tags":[],"class_list":["post-62754","post","type-post","status-publish","format-standard","has-post-thumbnail","hentry","category-news-fr"],"acf":[],"yoast_head":"<!-- This site is optimized with the Yoast SEO plugin v27.2 - https:\/\/yoast.com\/product\/yoast-seo-wordpress\/ -->\n<title>La Chronom\u00e9trie Kaenel f\u00eate ses 70 ans - Gold&#039;Or<\/title>\n<meta name=\"robots\" content=\"index, follow, max-snippet:-1, max-image-preview:large, max-video-preview:-1\" \/>\n<link rel=\"canonical\" href=\"https:\/\/www.goldor.ch\/fr\/la-chronometrie-kaenel-fete-ses-70-ans\/\" \/>\n<meta property=\"og:locale\" content=\"fr_FR\" \/>\n<meta property=\"og:type\" content=\"article\" \/>\n<meta property=\"og:title\" content=\"La Chronom\u00e9trie Kaenel f\u00eate ses 70 ans - Gold&#039;Or\" \/>\n<meta property=\"og:description\" content=\"Elles ne sont plus si nombreuses, de nos jours, les bijouteries ind\u00e9pendantes qui peuvent f\u00eater un si bel anniversaire. En&#8239;.&#8239;.&#8239;.\" \/>\n<meta property=\"og:url\" content=\"https:\/\/www.goldor.ch\/fr\/la-chronometrie-kaenel-fete-ses-70-ans\/\" \/>\n<meta property=\"og:site_name\" content=\"Gold&#039;Or\" \/>\n<meta property=\"article:publisher\" content=\"https:\/\/www.facebook.com\/goldormagazin\/\" \/>\n<meta property=\"article:published_time\" content=\"2024-10-01T06:31:06+00:00\" \/>\n<meta property=\"og:image\" content=\"https:\/\/www.goldor.ch\/wp-content\/uploads\/2024\/09\/news_Kaenel-70-ans-scaled.jpg\" \/>\n\t<meta property=\"og:image:width\" content=\"2560\" \/>\n\t<meta property=\"og:image:height\" content=\"1707\" \/>\n\t<meta property=\"og:image:type\" content=\"image\/jpeg\" \/>\n<meta name=\"author\" content=\"Redaktion Gold&#039;Or\" \/>\n<meta name=\"twitter:card\" content=\"summary_large_image\" \/>\n<meta name=\"twitter:creator\" content=\"@Goldormagazin\" \/>\n<meta name=\"twitter:site\" content=\"@Goldormagazin\" \/>\n<meta name=\"twitter:label1\" content=\"\u00c9crit par\" \/>\n\t<meta name=\"twitter:data1\" content=\"Redaktion Gold&#039;Or\" \/>\n\t<meta name=\"twitter:label2\" content=\"Dur\u00e9e de lecture estim\u00e9e\" \/>\n\t<meta name=\"twitter:data2\" content=\"2 minutes\" \/>\n<script type=\"application\/ld+json\" class=\"yoast-schema-graph\">{\"@context\":\"https:\/\/schema.org\",\"@graph\":[{\"@type\":\"Article\",\"@id\":\"https:\/\/www.goldor.ch\/fr\/la-chronometrie-kaenel-fete-ses-70-ans\/#article\",\"isPartOf\":{\"@id\":\"https:\/\/www.goldor.ch\/fr\/la-chronometrie-kaenel-fete-ses-70-ans\/\"},\"author\":{\"name\":\"Redaktion Gold'Or\",\"@id\":\"https:\/\/papayawhip-lapwing-830539.hostingersite.com\/#\/schema\/person\/0d235115926c1cb68814cdd26e82e36c\"},\"headline\":\"La Chronom\u00e9trie Kaenel f\u00eate ses 70 ans\",\"datePublished\":\"2024-10-01T06:31:06+00:00\",\"mainEntityOfPage\":{\"@id\":\"https:\/\/www.goldor.ch\/fr\/la-chronometrie-kaenel-fete-ses-70-ans\/\"},\"wordCount\":228,\"image\":{\"@id\":\"https:\/\/www.goldor.ch\/fr\/la-chronometrie-kaenel-fete-ses-70-ans\/#primaryimage\"},\"thumbnailUrl\":\"https:\/\/www.goldor.ch\/wp-content\/uploads\/2024\/09\/news_Kaenel-70-ans-scaled.jpg\",\"articleSection\":[\"News\"],\"inLanguage\":\"fr-FR\"},{\"@type\":\"WebPage\",\"@id\":\"https:\/\/www.goldor.ch\/fr\/la-chronometrie-kaenel-fete-ses-70-ans\/\",\"url\":\"https:\/\/www.goldor.ch\/fr\/la-chronometrie-kaenel-fete-ses-70-ans\/\",\"name\":\"La Chronom\u00e9trie Kaenel f\u00eate ses 70 ans - Gold'Or\",\"isPartOf\":{\"@id\":\"https:\/\/papayawhip-lapwing-830539.hostingersite.com\/#website\"},\"primaryImageOfPage\":{\"@id\":\"https:\/\/www.goldor.ch\/fr\/la-chronometrie-kaenel-fete-ses-70-ans\/#primaryimage\"},\"image\":{\"@id\":\"https:\/\/www.goldor.ch\/fr\/la-chronometrie-kaenel-fete-ses-70-ans\/#primaryimage\"},\"thumbnailUrl\":\"https:\/\/www.goldor.ch\/wp-content\/uploads\/2024\/09\/news_Kaenel-70-ans-scaled.jpg\",\"datePublished\":\"2024-10-01T06:31:06+00:00\",\"author\":{\"@id\":\"https:\/\/papayawhip-lapwing-830539.hostingersite.com\/#\/schema\/person\/0d235115926c1cb68814cdd26e82e36c\"},\"breadcrumb\":{\"@id\":\"https:\/\/www.goldor.ch\/fr\/la-chronometrie-kaenel-fete-ses-70-ans\/#breadcrumb\"},\"inLanguage\":\"fr-FR\",\"potentialAction\":[{\"@type\":\"ReadAction\",\"target\":[\"https:\/\/www.goldor.ch\/fr\/la-chronometrie-kaenel-fete-ses-70-ans\/\"]}]},{\"@type\":\"ImageObject\",\"inLanguage\":\"fr-FR\",\"@id\":\"https:\/\/www.goldor.ch\/fr\/la-chronometrie-kaenel-fete-ses-70-ans\/#primaryimage\",\"url\":\"https:\/\/www.goldor.ch\/wp-content\/uploads\/2024\/09\/news_Kaenel-70-ans-scaled.jpg\",\"contentUrl\":\"https:\/\/www.goldor.ch\/wp-content\/uploads\/2024\/09\/news_Kaenel-70-ans-scaled.jpg\",\"width\":2560,\"height\":1707},{\"@type\":\"BreadcrumbList\",\"@id\":\"https:\/\/www.goldor.ch\/fr\/la-chronometrie-kaenel-fete-ses-70-ans\/#breadcrumb\",\"itemListElement\":[{\"@type\":\"ListItem\",\"position\":1,\"name\":\"Startseite\",\"item\":\"https:\/\/papayawhip-lapwing-830539.hostingersite.com\/\"},{\"@type\":\"ListItem\",\"position\":2,\"name\":\"La Chronom\u00e9trie Kaenel f\u00eate ses 70 ans\"}]},{\"@type\":\"WebSite\",\"@id\":\"https:\/\/papayawhip-lapwing-830539.hostingersite.com\/#website\",\"url\":\"https:\/\/papayawhip-lapwing-830539.hostingersite.com\/\",\"name\":\"Gold'Or\",\"description\":\"La revue professionnelle suisse de la bijouterie et de l'horlogerie\",\"potentialAction\":[{\"@type\":\"SearchAction\",\"target\":{\"@type\":\"EntryPoint\",\"urlTemplate\":\"https:\/\/papayawhip-lapwing-830539.hostingersite.com\/?s={search_term_string}\"},\"query-input\":{\"@type\":\"PropertyValueSpecification\",\"valueRequired\":true,\"valueName\":\"search_term_string\"}}],\"inLanguage\":\"fr-FR\"},{\"@type\":\"Person\",\"@id\":\"https:\/\/papayawhip-lapwing-830539.hostingersite.com\/#\/schema\/person\/0d235115926c1cb68814cdd26e82e36c\",\"name\":\"Redaktion Gold'Or\",\"image\":{\"@type\":\"ImageObject\",\"inLanguage\":\"fr-FR\",\"@id\":\"https:\/\/www.goldor.ch\/wp-content\/litespeed\/avatar\/488ccb96398e37eb4dd22348a1b86168.jpg?ver=1777384328\",\"url\":\"https:\/\/www.goldor.ch\/wp-content\/litespeed\/avatar\/488ccb96398e37eb4dd22348a1b86168.jpg?ver=1777384328\",\"contentUrl\":\"https:\/\/www.goldor.ch\/wp-content\/litespeed\/avatar\/488ccb96398e37eb4dd22348a1b86168.jpg?ver=1777384328\",\"caption\":\"Redaktion Gold'Or\"},\"sameAs\":[\"http:\/\/goldor.ch\"],\"url\":\"https:\/\/www.goldor.ch\/fr\/profile\/redaktion\/\"}]}<\/script>\n<!-- \/ Yoast SEO plugin. -->","yoast_head_json":{"title":"La Chronom\u00e9trie Kaenel f\u00eate ses 70 ans - Gold'Or","robots":{"index":"index","follow":"follow","max-snippet":"max-snippet:-1","max-image-preview":"max-image-preview:large","max-video-preview":"max-video-preview:-1"},"canonical":"https:\/\/www.goldor.ch\/fr\/la-chronometrie-kaenel-fete-ses-70-ans\/","og_locale":"fr_FR","og_type":"article","og_title":"La Chronom\u00e9trie Kaenel f\u00eate ses 70 ans - Gold'Or","og_description":"Elles ne sont plus si nombreuses, de nos jours, les bijouteries ind\u00e9pendantes qui peuvent f\u00eater un si bel anniversaire. En&#8239;.&#8239;.&#8239;.","og_url":"https:\/\/www.goldor.ch\/fr\/la-chronometrie-kaenel-fete-ses-70-ans\/","og_site_name":"Gold'Or","article_publisher":"https:\/\/www.facebook.com\/goldormagazin\/","article_published_time":"2024-10-01T06:31:06+00:00","og_image":[{"width":2560,"height":1707,"url":"https:\/\/www.goldor.ch\/wp-content\/uploads\/2024\/09\/news_Kaenel-70-ans-scaled.jpg","type":"image\/jpeg"}],"author":"Redaktion Gold'Or","twitter_card":"summary_large_image","twitter_creator":"@Goldormagazin","twitter_site":"@Goldormagazin","twitter_misc":{"\u00c9crit par":"Redaktion Gold'Or","Dur\u00e9e de lecture estim\u00e9e":"2 minutes"},"schema":{"@context":"https:\/\/schema.org","@graph":[{"@type":"Article","@id":"https:\/\/www.goldor.ch\/fr\/la-chronometrie-kaenel-fete-ses-70-ans\/#article","isPartOf":{"@id":"https:\/\/www.goldor.ch\/fr\/la-chronometrie-kaenel-fete-ses-70-ans\/"},"author":{"name":"Redaktion Gold'Or","@id":"https:\/\/papayawhip-lapwing-830539.hostingersite.com\/#\/schema\/person\/0d235115926c1cb68814cdd26e82e36c"},"headline":"La Chronom\u00e9trie Kaenel f\u00eate ses 70 ans","datePublished":"2024-10-01T06:31:06+00:00","mainEntityOfPage":{"@id":"https:\/\/www.goldor.ch\/fr\/la-chronometrie-kaenel-fete-ses-70-ans\/"},"wordCount":228,"image":{"@id":"https:\/\/www.goldor.ch\/fr\/la-chronometrie-kaenel-fete-ses-70-ans\/#primaryimage"},"thumbnailUrl":"https:\/\/www.goldor.ch\/wp-content\/uploads\/2024\/09\/news_Kaenel-70-ans-scaled.jpg","articleSection":["News"],"inLanguage":"fr-FR"},{"@type":"WebPage","@id":"https:\/\/www.goldor.ch\/fr\/la-chronometrie-kaenel-fete-ses-70-ans\/","url":"https:\/\/www.goldor.ch\/fr\/la-chronometrie-kaenel-fete-ses-70-ans\/","name":"La Chronom\u00e9trie Kaenel f\u00eate ses 70 ans - Gold'Or","isPartOf":{"@id":"https:\/\/papayawhip-lapwing-830539.hostingersite.com\/#website"},"primaryImageOfPage":{"@id":"https:\/\/www.goldor.ch\/fr\/la-chronometrie-kaenel-fete-ses-70-ans\/#primaryimage"},"image":{"@id":"https:\/\/www.goldor.ch\/fr\/la-chronometrie-kaenel-fete-ses-70-ans\/#primaryimage"},"thumbnailUrl":"https:\/\/www.goldor.ch\/wp-content\/uploads\/2024\/09\/news_Kaenel-70-ans-scaled.jpg","datePublished":"2024-10-01T06:31:06+00:00","author":{"@id":"https:\/\/papayawhip-lapwing-830539.hostingersite.com\/#\/schema\/person\/0d235115926c1cb68814cdd26e82e36c"},"breadcrumb":{"@id":"https:\/\/www.goldor.ch\/fr\/la-chronometrie-kaenel-fete-ses-70-ans\/#breadcrumb"},"inLanguage":"fr-FR","potentialAction":[{"@type":"ReadAction","target":["https:\/\/www.goldor.ch\/fr\/la-chronometrie-kaenel-fete-ses-70-ans\/"]}]},{"@type":"ImageObject","inLanguage":"fr-FR","@id":"https:\/\/www.goldor.ch\/fr\/la-chronometrie-kaenel-fete-ses-70-ans\/#primaryimage","url":"https:\/\/www.goldor.ch\/wp-content\/uploads\/2024\/09\/news_Kaenel-70-ans-scaled.jpg","contentUrl":"https:\/\/www.goldor.ch\/wp-content\/uploads\/2024\/09\/news_Kaenel-70-ans-scaled.jpg","width":2560,"height":1707},{"@type":"BreadcrumbList","@id":"https:\/\/www.goldor.ch\/fr\/la-chronometrie-kaenel-fete-ses-70-ans\/#breadcrumb","itemListElement":[{"@type":"ListItem","position":1,"name":"Startseite","item":"https:\/\/papayawhip-lapwing-830539.hostingersite.com\/"},{"@type":"ListItem","position":2,"name":"La Chronom\u00e9trie Kaenel f\u00eate ses 70 ans"}]},{"@type":"WebSite","@id":"https:\/\/papayawhip-lapwing-830539.hostingersite.com\/#website","url":"https:\/\/papayawhip-lapwing-830539.hostingersite.com\/","name":"Gold'Or","description":"La revue professionnelle suisse de la bijouterie et de l'horlogerie","potentialAction":[{"@type":"SearchAction","target":{"@type":"EntryPoint","urlTemplate":"https:\/\/papayawhip-lapwing-830539.hostingersite.com\/?s={search_term_string}"},"query-input":{"@type":"PropertyValueSpecification","valueRequired":true,"valueName":"search_term_string"}}],"inLanguage":"fr-FR"},{"@type":"Person","@id":"https:\/\/papayawhip-lapwing-830539.hostingersite.com\/#\/schema\/person\/0d235115926c1cb68814cdd26e82e36c","name":"Redaktion Gold'Or","image":{"@type":"ImageObject","inLanguage":"fr-FR","@id":"https:\/\/www.goldor.ch\/wp-content\/litespeed\/avatar\/488ccb96398e37eb4dd22348a1b86168.jpg?ver=1777384328","url":"https:\/\/www.goldor.ch\/wp-content\/litespeed\/avatar\/488ccb96398e37eb4dd22348a1b86168.jpg?ver=1777384328","contentUrl":"https:\/\/www.goldor.ch\/wp-content\/litespeed\/avatar\/488ccb96398e37eb4dd22348a1b86168.jpg?ver=1777384328","caption":"Redaktion Gold'Or"},"sameAs":["http:\/\/goldor.ch"],"url":"https:\/\/www.goldor.ch\/fr\/profile\/redaktion\/"}]}},"_links":{"self":[{"href":"https:\/\/www.goldor.ch\/fr\/wp-json\/wp\/v2\/posts\/62754","targetHints":{"allow":["GET"]}}],"collection":[{"href":"https:\/\/www.goldor.ch\/fr\/wp-json\/wp\/v2\/posts"}],"about":[{"href":"https:\/\/www.goldor.ch\/fr\/wp-json\/wp\/v2\/types\/post"}],"author":[{"embeddable":true,"href":"https:\/\/www.goldor.ch\/fr\/wp-json\/wp\/v2\/users\/10"}],"replies":[{"embeddable":true,"href":"https:\/\/www.goldor.ch\/fr\/wp-json\/wp\/v2\/comments?post=62754"}],"version-history":[{"count":1,"href":"https:\/\/www.goldor.ch\/fr\/wp-json\/wp\/v2\/posts\/62754\/revisions"}],"predecessor-version":[{"id":62755,"href":"https:\/\/www.goldor.ch\/fr\/wp-json\/wp\/v2\/posts\/62754\/revisions\/62755"}],"wp:featuredmedia":[{"embeddable":true,"href":"https:\/\/www.goldor.ch\/fr\/wp-json\/wp\/v2\/media\/62756"}],"wp:attachment":[{"href":"https:\/\/www.goldor.ch\/fr\/wp-json\/wp\/v2\/media?parent=62754"}],"wp:term":[{"taxonomy":"category","embeddable":true,"href":"https:\/\/www.goldor.ch\/fr\/wp-json\/wp\/v2\/categories?post=62754"},{"taxonomy":"post_tag","embeddable":true,"href":"https:\/\/www.goldor.ch\/fr\/wp-json\/wp\/v2\/tags?post=62754"}],"curies":[{"name":"wp","href":"https:\/\/api.w.org\/{rel}","templated":true}]}}