{"id":72083,"date":"2025-10-02T12:07:00","date_gmt":"2025-10-02T10:07:00","guid":{"rendered":"https:\/\/www.goldor.ch\/?p=72083"},"modified":"2025-10-02T12:10:01","modified_gmt":"2025-10-02T10:10:01","slug":"journee-internationale-de-lhorlogerie","status":"publish","type":"post","link":"https:\/\/www.goldor.ch\/fr\/journee-internationale-de-lhorlogerie\/","title":{"rendered":"Journ\u00e9e Internationale de l\u2019Horlogerie"},"content":{"rendered":"<p style=\"font-weight: 400;\">La Journ\u00e9e Internationale de l\u2019Horlogerie, organis\u00e9e par l\u2019Espace Horloger le 10 octobre, d\u00e9butera \u00e0 10h10 par un \u00abCaf\u00e9 horloger\u00bb (offert par l\u2019H\u00f4tel des Horlogers). \u00c0 10h30, une table ronde est pr\u00e9vue sur le th\u00e8me \u00abLe r\u00f4le de la diffusion de la culture horlog\u00e8re par les manufactures\u00bb. Des repr\u00e9sentants des marques Jaeger-LeCoultre et Audemars Piguet y participeront. Audemars Piguet pr\u00e9sentera en m\u00eame temps son nouveau livre \u00abLa montre: histoires et savoir-faire\u00bb qui para\u00eetra en octobre aux \u00e9ditions Flammarion. 20 exemplaires d\u00e9dicac\u00e9s seront tir\u00e9s au sort sur place.<\/p>\n<p style=\"font-weight: 400;\">\u00c0 12h10, une visite guid\u00e9e de l\u2019exposition \u00ab Comix Mecanix \u00bb est pr\u00e9vue. Celle-ci est visible jusqu\u2019au 6 f\u00e9vrier \u00e0 l\u2019Espace Horloger. L\u2019exposition traite de la relation entre la bande dessin\u00e9e et l\u2019univers horloger. Comment les montres apparaissent-elles dans les bandes dessin\u00e9es et comment les bandes dessin\u00e9es et les personnages de bandes dessin\u00e9es sont-ils utilis\u00e9s dans l\u2019univers horloger? La visite guid\u00e9e sera anim\u00e9e par la conservatrice de l\u2019exposition, Angela Benza.<\/p>\n<p style=\"font-weight: 400;\">\u00c0 partir de 13h10, des d\u00e9monstrations en direct et des ateliers seront organis\u00e9s sous la direction d\u2019apprentis horlogers et d\u2019un apprenti en restauration de montres.<\/p>\n<p style=\"font-weight: 400;\">L\u2019entr\u00e9e est libre et sans inscription.<\/p>\n<p style=\"font-weight: 400;\">Le programme complet et d\u2019autres informations se trouvent sur le site <a href=\"http:\/\/www.espacehorloger.ch\/\">www.espacehorloger.ch<\/a>.<\/p>\n","protected":false},"excerpt":{"rendered":"<p>L\u2019Espace Horloger, situ\u00e9e au Sentier dans la Vall\u00e9e de Joux, organise pour la premi\u00e8re fois le 10 octobre la Journ\u00e9e Internationale de l\u2019Horlogerie.<\/p>\n<a href=\"https:\/\/www.goldor.ch\/fr\/journee-internationale-de-lhorlogerie\/\" class=\"article-more\" title=\"mehr\">plus<\/a>","protected":false},"author":7,"featured_media":72331,"comment_status":"closed","ping_status":"closed","sticky":false,"template":"","format":"standard","meta":{"_acf_changed":false,"footnotes":""},"categories":[281],"tags":[2536,652,2533,2534,2535],"class_list":["post-72083","post","type-post","status-publish","format-standard","has-post-thumbnail","hentry","category-news-fr","tag-espace-horloger-fr","tag-horlogerie","tag-journee-internationale-de-lhorlogerie","tag-le-sentier","tag-vallee-de-joux-fr"],"acf":[],"yoast_head":"<!-- This site is optimized with the Yoast SEO plugin v27.2 - https:\/\/yoast.com\/product\/yoast-seo-wordpress\/ -->\n<title>Journ\u00e9e Internationale de l\u2019Horlogerie - Gold&#039;Or<\/title>\n<meta name=\"robots\" content=\"index, follow, max-snippet:-1, max-image-preview:large, max-video-preview:-1\" \/>\n<link rel=\"canonical\" href=\"https:\/\/www.goldor.ch\/fr\/journee-internationale-de-lhorlogerie\/\" \/>\n<meta property=\"og:locale\" content=\"fr_FR\" \/>\n<meta property=\"og:type\" content=\"article\" \/>\n<meta property=\"og:title\" content=\"Journ\u00e9e Internationale de l\u2019Horlogerie - Gold&#039;Or\" \/>\n<meta property=\"og:description\" content=\"L\u2019Espace Horloger, situ\u00e9e au Sentier dans la Vall\u00e9e de Joux, organise pour la premi\u00e8re fois le 10 octobre la Journ\u00e9e Internationale de l\u2019Horlogerie.\" \/>\n<meta property=\"og:url\" content=\"https:\/\/www.goldor.ch\/fr\/journee-internationale-de-lhorlogerie\/\" \/>\n<meta property=\"og:site_name\" content=\"Gold&#039;Or\" \/>\n<meta property=\"article:publisher\" content=\"https:\/\/www.facebook.com\/goldormagazin\/\" \/>\n<meta property=\"article:published_time\" content=\"2025-10-02T10:07:00+00:00\" \/>\n<meta property=\"article:modified_time\" content=\"2025-10-02T10:10:01+00:00\" \/>\n<meta property=\"og:image\" content=\"https:\/\/www.goldor.ch\/wp-content\/uploads\/2025\/10\/2026_09_26.jpg\" \/>\n\t<meta property=\"og:image:width\" content=\"1000\" \/>\n\t<meta property=\"og:image:height\" content=\"667\" \/>\n\t<meta property=\"og:image:type\" content=\"image\/jpeg\" \/>\n<meta name=\"author\" content=\"Marcel Weder\" \/>\n<meta name=\"twitter:card\" content=\"summary_large_image\" \/>\n<meta name=\"twitter:creator\" content=\"@Goldormagazin\" \/>\n<meta name=\"twitter:site\" content=\"@Goldormagazin\" \/>\n<meta name=\"twitter:label1\" content=\"\u00c9crit par\" \/>\n\t<meta name=\"twitter:data1\" content=\"Marcel Weder\" \/>\n\t<meta name=\"twitter:label2\" content=\"Dur\u00e9e de lecture estim\u00e9e\" \/>\n\t<meta name=\"twitter:data2\" content=\"2 minutes\" \/>\n<script type=\"application\/ld+json\" class=\"yoast-schema-graph\">{\"@context\":\"https:\/\/schema.org\",\"@graph\":[{\"@type\":\"Article\",\"@id\":\"https:\/\/www.goldor.ch\/fr\/journee-internationale-de-lhorlogerie\/#article\",\"isPartOf\":{\"@id\":\"https:\/\/www.goldor.ch\/fr\/journee-internationale-de-lhorlogerie\/\"},\"author\":{\"name\":\"Marcel Weder\",\"@id\":\"https:\/\/papayawhip-lapwing-830539.hostingersite.com\/#\/schema\/person\/8b576ec4b76c0af4ca238b50ad440c33\"},\"headline\":\"Journ\u00e9e Internationale de l\u2019Horlogerie\",\"datePublished\":\"2025-10-02T10:07:00+00:00\",\"dateModified\":\"2025-10-02T10:10:01+00:00\",\"mainEntityOfPage\":{\"@id\":\"https:\/\/www.goldor.ch\/fr\/journee-internationale-de-lhorlogerie\/\"},\"wordCount\":239,\"image\":{\"@id\":\"https:\/\/www.goldor.ch\/fr\/journee-internationale-de-lhorlogerie\/#primaryimage\"},\"thumbnailUrl\":\"https:\/\/www.goldor.ch\/wp-content\/uploads\/2025\/10\/2026_09_26.jpg\",\"keywords\":[\"Espace Horloger\",\"Horlogerie\",\"Journ\u00e9e Internationale de l'Horlogerie\",\"Le Sentier\",\"Vall\u00e9e de Joux\"],\"articleSection\":[\"News\"],\"inLanguage\":\"fr-FR\"},{\"@type\":\"WebPage\",\"@id\":\"https:\/\/www.goldor.ch\/fr\/journee-internationale-de-lhorlogerie\/\",\"url\":\"https:\/\/www.goldor.ch\/fr\/journee-internationale-de-lhorlogerie\/\",\"name\":\"Journ\u00e9e Internationale de l\u2019Horlogerie - Gold'Or\",\"isPartOf\":{\"@id\":\"https:\/\/papayawhip-lapwing-830539.hostingersite.com\/#website\"},\"primaryImageOfPage\":{\"@id\":\"https:\/\/www.goldor.ch\/fr\/journee-internationale-de-lhorlogerie\/#primaryimage\"},\"image\":{\"@id\":\"https:\/\/www.goldor.ch\/fr\/journee-internationale-de-lhorlogerie\/#primaryimage\"},\"thumbnailUrl\":\"https:\/\/www.goldor.ch\/wp-content\/uploads\/2025\/10\/2026_09_26.jpg\",\"datePublished\":\"2025-10-02T10:07:00+00:00\",\"dateModified\":\"2025-10-02T10:10:01+00:00\",\"author\":{\"@id\":\"https:\/\/papayawhip-lapwing-830539.hostingersite.com\/#\/schema\/person\/8b576ec4b76c0af4ca238b50ad440c33\"},\"breadcrumb\":{\"@id\":\"https:\/\/www.goldor.ch\/fr\/journee-internationale-de-lhorlogerie\/#breadcrumb\"},\"inLanguage\":\"fr-FR\",\"potentialAction\":[{\"@type\":\"ReadAction\",\"target\":[\"https:\/\/www.goldor.ch\/fr\/journee-internationale-de-lhorlogerie\/\"]}]},{\"@type\":\"ImageObject\",\"inLanguage\":\"fr-FR\",\"@id\":\"https:\/\/www.goldor.ch\/fr\/journee-internationale-de-lhorlogerie\/#primaryimage\",\"url\":\"https:\/\/www.goldor.ch\/wp-content\/uploads\/2025\/10\/2026_09_26.jpg\",\"contentUrl\":\"https:\/\/www.goldor.ch\/wp-content\/uploads\/2025\/10\/2026_09_26.jpg\",\"width\":1000,\"height\":667},{\"@type\":\"BreadcrumbList\",\"@id\":\"https:\/\/www.goldor.ch\/fr\/journee-internationale-de-lhorlogerie\/#breadcrumb\",\"itemListElement\":[{\"@type\":\"ListItem\",\"position\":1,\"name\":\"Startseite\",\"item\":\"https:\/\/papayawhip-lapwing-830539.hostingersite.com\/\"},{\"@type\":\"ListItem\",\"position\":2,\"name\":\"Journ\u00e9e Internationale de l\u2019Horlogerie\"}]},{\"@type\":\"WebSite\",\"@id\":\"https:\/\/papayawhip-lapwing-830539.hostingersite.com\/#website\",\"url\":\"https:\/\/papayawhip-lapwing-830539.hostingersite.com\/\",\"name\":\"Gold'Or\",\"description\":\"La revue professionnelle suisse de la bijouterie et de l'horlogerie\",\"potentialAction\":[{\"@type\":\"SearchAction\",\"target\":{\"@type\":\"EntryPoint\",\"urlTemplate\":\"https:\/\/papayawhip-lapwing-830539.hostingersite.com\/?s={search_term_string}\"},\"query-input\":{\"@type\":\"PropertyValueSpecification\",\"valueRequired\":true,\"valueName\":\"search_term_string\"}}],\"inLanguage\":\"fr-FR\"},{\"@type\":\"Person\",\"@id\":\"https:\/\/papayawhip-lapwing-830539.hostingersite.com\/#\/schema\/person\/8b576ec4b76c0af4ca238b50ad440c33\",\"name\":\"Marcel Weder\",\"image\":{\"@type\":\"ImageObject\",\"inLanguage\":\"fr-FR\",\"@id\":\"https:\/\/www.goldor.ch\/wp-content\/litespeed\/avatar\/a98a32acea99158017222c59d82a463b.jpg?ver=1777383596\",\"url\":\"https:\/\/www.goldor.ch\/wp-content\/litespeed\/avatar\/a98a32acea99158017222c59d82a463b.jpg?ver=1777383596\",\"contentUrl\":\"https:\/\/www.goldor.ch\/wp-content\/litespeed\/avatar\/a98a32acea99158017222c59d82a463b.jpg?ver=1777383596\",\"caption\":\"Marcel Weder\"},\"sameAs\":[\"http:\/\/goldor.ch\"],\"url\":\"https:\/\/www.goldor.ch\/fr\/profile\/mwedergoldor-ch\/\"}]}<\/script>\n<!-- \/ Yoast SEO plugin. -->","yoast_head_json":{"title":"Journ\u00e9e Internationale de l\u2019Horlogerie - Gold'Or","robots":{"index":"index","follow":"follow","max-snippet":"max-snippet:-1","max-image-preview":"max-image-preview:large","max-video-preview":"max-video-preview:-1"},"canonical":"https:\/\/www.goldor.ch\/fr\/journee-internationale-de-lhorlogerie\/","og_locale":"fr_FR","og_type":"article","og_title":"Journ\u00e9e Internationale de l\u2019Horlogerie - Gold'Or","og_description":"L\u2019Espace Horloger, situ\u00e9e au Sentier dans la Vall\u00e9e de Joux, organise pour la premi\u00e8re fois le 10 octobre la Journ\u00e9e Internationale de l\u2019Horlogerie.","og_url":"https:\/\/www.goldor.ch\/fr\/journee-internationale-de-lhorlogerie\/","og_site_name":"Gold'Or","article_publisher":"https:\/\/www.facebook.com\/goldormagazin\/","article_published_time":"2025-10-02T10:07:00+00:00","article_modified_time":"2025-10-02T10:10:01+00:00","og_image":[{"width":1000,"height":667,"url":"https:\/\/www.goldor.ch\/wp-content\/uploads\/2025\/10\/2026_09_26.jpg","type":"image\/jpeg"}],"author":"Marcel Weder","twitter_card":"summary_large_image","twitter_creator":"@Goldormagazin","twitter_site":"@Goldormagazin","twitter_misc":{"\u00c9crit par":"Marcel Weder","Dur\u00e9e de lecture estim\u00e9e":"2 minutes"},"schema":{"@context":"https:\/\/schema.org","@graph":[{"@type":"Article","@id":"https:\/\/www.goldor.ch\/fr\/journee-internationale-de-lhorlogerie\/#article","isPartOf":{"@id":"https:\/\/www.goldor.ch\/fr\/journee-internationale-de-lhorlogerie\/"},"author":{"name":"Marcel Weder","@id":"https:\/\/papayawhip-lapwing-830539.hostingersite.com\/#\/schema\/person\/8b576ec4b76c0af4ca238b50ad440c33"},"headline":"Journ\u00e9e Internationale de l\u2019Horlogerie","datePublished":"2025-10-02T10:07:00+00:00","dateModified":"2025-10-02T10:10:01+00:00","mainEntityOfPage":{"@id":"https:\/\/www.goldor.ch\/fr\/journee-internationale-de-lhorlogerie\/"},"wordCount":239,"image":{"@id":"https:\/\/www.goldor.ch\/fr\/journee-internationale-de-lhorlogerie\/#primaryimage"},"thumbnailUrl":"https:\/\/www.goldor.ch\/wp-content\/uploads\/2025\/10\/2026_09_26.jpg","keywords":["Espace Horloger","Horlogerie","Journ\u00e9e Internationale de l'Horlogerie","Le Sentier","Vall\u00e9e de Joux"],"articleSection":["News"],"inLanguage":"fr-FR"},{"@type":"WebPage","@id":"https:\/\/www.goldor.ch\/fr\/journee-internationale-de-lhorlogerie\/","url":"https:\/\/www.goldor.ch\/fr\/journee-internationale-de-lhorlogerie\/","name":"Journ\u00e9e Internationale de l\u2019Horlogerie - Gold'Or","isPartOf":{"@id":"https:\/\/papayawhip-lapwing-830539.hostingersite.com\/#website"},"primaryImageOfPage":{"@id":"https:\/\/www.goldor.ch\/fr\/journee-internationale-de-lhorlogerie\/#primaryimage"},"image":{"@id":"https:\/\/www.goldor.ch\/fr\/journee-internationale-de-lhorlogerie\/#primaryimage"},"thumbnailUrl":"https:\/\/www.goldor.ch\/wp-content\/uploads\/2025\/10\/2026_09_26.jpg","datePublished":"2025-10-02T10:07:00+00:00","dateModified":"2025-10-02T10:10:01+00:00","author":{"@id":"https:\/\/papayawhip-lapwing-830539.hostingersite.com\/#\/schema\/person\/8b576ec4b76c0af4ca238b50ad440c33"},"breadcrumb":{"@id":"https:\/\/www.goldor.ch\/fr\/journee-internationale-de-lhorlogerie\/#breadcrumb"},"inLanguage":"fr-FR","potentialAction":[{"@type":"ReadAction","target":["https:\/\/www.goldor.ch\/fr\/journee-internationale-de-lhorlogerie\/"]}]},{"@type":"ImageObject","inLanguage":"fr-FR","@id":"https:\/\/www.goldor.ch\/fr\/journee-internationale-de-lhorlogerie\/#primaryimage","url":"https:\/\/www.goldor.ch\/wp-content\/uploads\/2025\/10\/2026_09_26.jpg","contentUrl":"https:\/\/www.goldor.ch\/wp-content\/uploads\/2025\/10\/2026_09_26.jpg","width":1000,"height":667},{"@type":"BreadcrumbList","@id":"https:\/\/www.goldor.ch\/fr\/journee-internationale-de-lhorlogerie\/#breadcrumb","itemListElement":[{"@type":"ListItem","position":1,"name":"Startseite","item":"https:\/\/papayawhip-lapwing-830539.hostingersite.com\/"},{"@type":"ListItem","position":2,"name":"Journ\u00e9e Internationale de l\u2019Horlogerie"}]},{"@type":"WebSite","@id":"https:\/\/papayawhip-lapwing-830539.hostingersite.com\/#website","url":"https:\/\/papayawhip-lapwing-830539.hostingersite.com\/","name":"Gold'Or","description":"La revue professionnelle suisse de la bijouterie et de l'horlogerie","potentialAction":[{"@type":"SearchAction","target":{"@type":"EntryPoint","urlTemplate":"https:\/\/papayawhip-lapwing-830539.hostingersite.com\/?s={search_term_string}"},"query-input":{"@type":"PropertyValueSpecification","valueRequired":true,"valueName":"search_term_string"}}],"inLanguage":"fr-FR"},{"@type":"Person","@id":"https:\/\/papayawhip-lapwing-830539.hostingersite.com\/#\/schema\/person\/8b576ec4b76c0af4ca238b50ad440c33","name":"Marcel Weder","image":{"@type":"ImageObject","inLanguage":"fr-FR","@id":"https:\/\/www.goldor.ch\/wp-content\/litespeed\/avatar\/a98a32acea99158017222c59d82a463b.jpg?ver=1777383596","url":"https:\/\/www.goldor.ch\/wp-content\/litespeed\/avatar\/a98a32acea99158017222c59d82a463b.jpg?ver=1777383596","contentUrl":"https:\/\/www.goldor.ch\/wp-content\/litespeed\/avatar\/a98a32acea99158017222c59d82a463b.jpg?ver=1777383596","caption":"Marcel Weder"},"sameAs":["http:\/\/goldor.ch"],"url":"https:\/\/www.goldor.ch\/fr\/profile\/mwedergoldor-ch\/"}]}},"_links":{"self":[{"href":"https:\/\/www.goldor.ch\/fr\/wp-json\/wp\/v2\/posts\/72083","targetHints":{"allow":["GET"]}}],"collection":[{"href":"https:\/\/www.goldor.ch\/fr\/wp-json\/wp\/v2\/posts"}],"about":[{"href":"https:\/\/www.goldor.ch\/fr\/wp-json\/wp\/v2\/types\/post"}],"author":[{"embeddable":true,"href":"https:\/\/www.goldor.ch\/fr\/wp-json\/wp\/v2\/users\/7"}],"replies":[{"embeddable":true,"href":"https:\/\/www.goldor.ch\/fr\/wp-json\/wp\/v2\/comments?post=72083"}],"version-history":[{"count":1,"href":"https:\/\/www.goldor.ch\/fr\/wp-json\/wp\/v2\/posts\/72083\/revisions"}],"predecessor-version":[{"id":72084,"href":"https:\/\/www.goldor.ch\/fr\/wp-json\/wp\/v2\/posts\/72083\/revisions\/72084"}],"wp:featuredmedia":[{"embeddable":true,"href":"https:\/\/www.goldor.ch\/fr\/wp-json\/wp\/v2\/media\/72331"}],"wp:attachment":[{"href":"https:\/\/www.goldor.ch\/fr\/wp-json\/wp\/v2\/media?parent=72083"}],"wp:term":[{"taxonomy":"category","embeddable":true,"href":"https:\/\/www.goldor.ch\/fr\/wp-json\/wp\/v2\/categories?post=72083"},{"taxonomy":"post_tag","embeddable":true,"href":"https:\/\/www.goldor.ch\/fr\/wp-json\/wp\/v2\/tags?post=72083"}],"curies":[{"name":"wp","href":"https:\/\/api.w.org\/{rel}","templated":true}]}}